{"id":291,"date":"2023-12-06T13:13:44","date_gmt":"2023-12-06T16:13:44","guid":{"rendered":"http:\/\/senarto"},"modified":"2024-01-18T15:48:53","modified_gmt":"2024-01-18T18:48:53","slug":"agroforte-sudeste-aborda-os-desafios-e-caminhos-do-agronegocio","status":"publish","type":"post","link":"https:\/\/sistemafaetsenar.org.br\/faet\/agroforte-sudeste-aborda-os-desafios-e-caminhos-do-agronegocio\/","title":{"rendered":"AGROFORTE Sudeste aborda os desafios e caminhos do agroneg\u00f3cio"},"content":{"rendered":"<p style=\"text-align: justify;\">Como lidar com os desafios dentro e fora da porteira e o que o produtor precisa fazer para n\u00e3o ser penalizado com as varia\u00e7\u00f5es do mercado. Esse foi um dos principais objetivos do &#8220;AGRO FORTE Sudeste&#8221;, no munic\u00edpio de Almas\/TO. Uma realiza\u00e7\u00e3o do Sistema FAET\/Senar em parceria com o Sindicato Rural de Almas.<\/p>\n<p>&nbsp;<\/p>\n<p>Na cadeia da pecu\u00e1ria, o palestrante Maur\u00edcio Veloso explanou sobre a hist\u00f3ria e o panorama da atividade. Em um alerta aos produtores, ele explicou que o cen\u00e1rio atual prova que a redu\u00e7\u00e3o da margem \u00e9 irrevers\u00edvel e os pre\u00e7os podem ou n\u00e3o subir.<\/p>\n<p>&nbsp;<\/p>\n<p>&#8220;N\u00f3s nunca mais vamos ganhar dinheiro na sorte, agora s\u00f3 vamos ganhar com produtividade&#8221;, afirmou. O especialista mostrou ainda os desafios dentro da porteira e as alternativas do novo modelo de pecu\u00e1ria.<\/p>\n<p>&nbsp;<\/p>\n<p>Para tratar da produ\u00e7\u00e3o de gr\u00e3os, o consultor de mercado da CNA, \u00canio Fernandes, mostrou como identificar as tend\u00eancias do mercado de soja e milho. &#8220;Como os pre\u00e7os s\u00e3o pouco previs\u00edveis, o produtor precisa ficar atento aos sinalizadores como d\u00f3lar, taxas de juros no mercado internacional e o clima&#8221;, orientou.<\/p>\n<p>&nbsp;<\/p>\n<p>Ele ainda explicou a import\u00e2ncia de o produtor ficar atento a essas informa\u00e7\u00f5es para n\u00e3o ser surpreendido. Outro fator para que o produtor tenha mais rentabilidade, \u00e9 saber conhecer o custo de produ\u00e7\u00e3o da sua propriedades, para isso ele destacou o apoio do Senar para dar essa assist\u00eancia t\u00e9cnica.<\/p>\n<p>&nbsp;<\/p>\n<p>O produtor de gr\u00e3os, Marcelo Carassa, foi um dos participantes do evento. Ele que come\u00e7ou a produ\u00e7\u00e3o de gr\u00e3os no Tocantins do zero, com apenas 200 hectares de soja plantados, hoje j\u00e1 conta com 20 mil hectares. Para ele, o evento foi surpreendente, com informa\u00e7\u00f5es que v\u00e3o agregar mais para sua lavoura.<\/p>\n<p>&nbsp;<\/p>\n<p>Al\u00e9m dele, cerca de 300 pessoas participaram do evento. De acordo com o presidente do sistema, Paulo Carneiro, o evento discutiu duas cadeias importantes da regi\u00e3o e atendeu do pequeno ao grande produtor.<\/p>\n<p>&nbsp;<\/p>\n<p><img decoding=\"async\" class=\"size-full wp-image-993 aligncenter\" src=\"https:\/\/sistemafaetsenar.org.br\/faet\/wp-content\/uploads\/2024\/01\/FAET-SENAR-Sindicatos.png\" alt=\"\" width=\"200\" height=\"61\" \/><\/p>\n","protected":false},"excerpt":{"rendered":"<p>Como lidar com os desafios dentro e fora da porteira e o que o produtor precisa fazer para n\u00e3o ser penalizado com as varia\u00e7\u00f5es do mercado. Esse foi um dos principais objetivos do &#8220;AGRO FORTE Sudeste&#8221;, no munic\u00edpio de Almas\/TO. Uma realiza\u00e7\u00e3o do Sistema FAET\/Senar em parceria com o Sindicato Rural de Almas. &nbsp; Na [&hellip;]<\/p>\n","protected":false},"author":2,"featured_media":292,"comment_status":"open","ping_status":"open","sticky":false,"template":"","format":"standard","meta":{"kia_subtitle":"","footnotes":""},"categories":[13,16],"tags":[],"class_list":["post-291","post","type-post","status-publish","format-standard","has-post-thumbnail","hentry","category-cursos-e-palestras","category-feiras-e-eventos"],"_links":{"self":[{"href":"https:\/\/sistemafaetsenar.org.br\/faet\/wp-json\/wp\/v2\/posts\/291"}],"collection":[{"href":"https:\/\/sistemafaetsenar.org.br\/faet\/wp-json\/wp\/v2\/posts"}],"about":[{"href":"https:\/\/sistemafaetsenar.org.br\/faet\/wp-json\/wp\/v2\/types\/post"}],"author":[{"embeddable":true,"href":"https:\/\/sistemafaetsenar.org.br\/faet\/wp-json\/wp\/v2\/users\/2"}],"replies":[{"embeddable":true,"href":"https:\/\/sistemafaetsenar.org.br\/faet\/wp-json\/wp\/v2\/comments?post=291"}],"version-history":[{"count":0,"href":"https:\/\/sistemafaetsenar.org.br\/faet\/wp-json\/wp\/v2\/posts\/291\/revisions"}],"wp:featuredmedia":[{"embeddable":true,"href":"https:\/\/sistemafaetsenar.org.br\/faet\/wp-json\/wp\/v2\/media\/292"}],"wp:attachment":[{"href":"https:\/\/sistemafaetsenar.org.br\/faet\/wp-json\/wp\/v2\/media?parent=291"}],"wp:term":[{"taxonomy":"category","embeddable":true,"href":"https:\/\/sistemafaetsenar.org.br\/faet\/wp-json\/wp\/v2\/categories?post=291"},{"taxonomy":"post_tag","embeddable":true,"href":"https:\/\/sistemafaetsenar.org.br\/faet\/wp-json\/wp\/v2\/tags?post=291"}],"curies":[{"name":"wp","href":"https:\/\/api.w.org\/{rel}","templated":true}]}}