{"id":2871,"date":"2025-03-13T16:17:36","date_gmt":"2025-03-13T19:17:36","guid":{"rendered":"https:\/\/sistemafaetsenar.org.br\/faet\/?p=2871"},"modified":"2025-03-13T16:17:36","modified_gmt":"2025-03-13T19:17:36","slug":"conselho-fiscal-da-faet-aprova-contas-de-2024-2","status":"publish","type":"post","link":"https:\/\/sistemafaetsenar.org.br\/faet\/conselho-fiscal-da-faet-aprova-contas-de-2024-2\/","title":{"rendered":"Conselho Fiscal da FAET aprova contas de 2024"},"content":{"rendered":"<p>Em reuni\u00e3o ordin\u00e1ria do Conselho Fiscal da Federa\u00e7\u00e3o da Agricultura e Pecu\u00e1ria do Estado do Tocantins (FAET), realizada na sede da entidade em Palmas, os conselheiros aprovaram os balancetes do \u00faltimo trimestre do ano passado, a presta\u00e7\u00e3o de contas e o balan\u00e7o geral de 2024.<\/p>\n<p>&nbsp;<\/p>\n<p>Nesta primeira reuni\u00e3o do ano, o foco do conselho foi a an\u00e1lise financeira da FAET. Participaram da reuni\u00e3o os Conselheiros: Darci D\u00e1rio; Cleiton Marinho de Brito, Jackson Souza Lima e Janu\u00e1rio da Silva Abreu.<\/p>\n<p>&nbsp;<\/p>\n<p>Os conselheiros examinaram os relat\u00f3rios financeiros apresentados pela assessoria da FAET e destacaram a transpar\u00eancia e a boa gest\u00e3o financeira da entidade, que tem fortalecido o setor rural do estado.<\/p>\n<p>&nbsp;<\/p>\n<p>A coordena\u00e7\u00e3o da reuni\u00e3o ficou a cargo da assessora especial da FAET, Cassiana Fialho, juntamente com o contador da entidade Josimar J\u00fanior que detalharam os dados financeiros, explicando as movimenta\u00e7\u00f5es e os resultados alcan\u00e7ados durante o ano de 2024.<\/p>\n","protected":false},"excerpt":{"rendered":"<p>Em reuni\u00e3o ordin\u00e1ria do Conselho Fiscal da Federa\u00e7\u00e3o da Agricultura e Pecu\u00e1ria do Estado do Tocantins (FAET), realizada na sede da entidade em Palmas, os conselheiros aprovaram os balancetes do \u00faltimo trimestre do ano passado, a presta\u00e7\u00e3o de contas e o balan\u00e7o geral de 2024. &nbsp; Nesta primeira reuni\u00e3o do ano, o foco do conselho [&hellip;]<\/p>\n","protected":false},"author":9,"featured_media":2873,"comment_status":"open","ping_status":"open","sticky":false,"template":"","format":"standard","meta":{"kia_subtitle":"Os conselheiros examinaram os relat\u00f3rios financeiros apresentados pela assessoria da FAET e destacaram a transpar\u00eancia e a boa gest\u00e3o financeira da entidade, que tem fortalecido o setor rural do estado.","footnotes":""},"categories":[1],"tags":[],"class_list":["post-2871","post","type-post","status-publish","format-standard","has-post-thumbnail","hentry","category-blog"],"_links":{"self":[{"href":"https:\/\/sistemafaetsenar.org.br\/faet\/wp-json\/wp\/v2\/posts\/2871"}],"collection":[{"href":"https:\/\/sistemafaetsenar.org.br\/faet\/wp-json\/wp\/v2\/posts"}],"about":[{"href":"https:\/\/sistemafaetsenar.org.br\/faet\/wp-json\/wp\/v2\/types\/post"}],"author":[{"embeddable":true,"href":"https:\/\/sistemafaetsenar.org.br\/faet\/wp-json\/wp\/v2\/users\/9"}],"replies":[{"embeddable":true,"href":"https:\/\/sistemafaetsenar.org.br\/faet\/wp-json\/wp\/v2\/comments?post=2871"}],"version-history":[{"count":0,"href":"https:\/\/sistemafaetsenar.org.br\/faet\/wp-json\/wp\/v2\/posts\/2871\/revisions"}],"wp:featuredmedia":[{"embeddable":true,"href":"https:\/\/sistemafaetsenar.org.br\/faet\/wp-json\/wp\/v2\/media\/2873"}],"wp:attachment":[{"href":"https:\/\/sistemafaetsenar.org.br\/faet\/wp-json\/wp\/v2\/media?parent=2871"}],"wp:term":[{"taxonomy":"category","embeddable":true,"href":"https:\/\/sistemafaetsenar.org.br\/faet\/wp-json\/wp\/v2\/categories?post=2871"},{"taxonomy":"post_tag","embeddable":true,"href":"https:\/\/sistemafaetsenar.org.br\/faet\/wp-json\/wp\/v2\/tags?post=2871"}],"curies":[{"name":"wp","href":"https:\/\/api.w.org\/{rel}","templated":true}]}}