{"id":284,"date":"2023-12-06T13:13:38","date_gmt":"2023-12-06T16:13:38","guid":{"rendered":"http:\/\/senarto"},"modified":"2024-01-19T14:50:02","modified_gmt":"2024-01-19T17:50:02","slug":"programa-capacita-dirigentes-de-sindicatos-rurais","status":"publish","type":"post","link":"https:\/\/sistemafaetsenar.org.br\/faet\/programa-capacita-dirigentes-de-sindicatos-rurais\/","title":{"rendered":"Programa capacita dirigentes de Sindicatos Rurais"},"content":{"rendered":"<p style=\"text-align: justify;\">Uma parceria entre a Federa\u00e7\u00e3o da Agricultura e Pecu\u00e1ria do Estado do Tocantins (FAET), Servi\u00e7o Nacional de Aprendizagem Rural (SENAR) e o Minist\u00e9rio da Agricultura Pecu\u00e1ria e Abastecimento (MAPA) e Governo Federal busca preparar lideran\u00e7as do meio rural para atuar na defesa do produtor rural diante dos desafios atuais do setor.<\/p>\n<p>&nbsp;<\/p>\n<p style=\"text-align: justify;\">O Programa \u201cCapacita Sindicato Rural &#8211; Cultivando Conex\u00f5es\u201d re\u00fane cerca de trinta dirigentes de sindicatos de diversas regi\u00f5es. O primeiro evento em Palmas, nesta segunda, 24, \u00e9 o primeiro de uma s\u00e9rie de encontros presenciais, miss\u00f5es t\u00e9cnicas e consultoria, que busca fortalecer as entidades sindicais rurais no Tocantins e estabelecer novas pr\u00e1ticas de gest\u00e3o.<\/p>\n<p>&nbsp;<\/p>\n<p style=\"text-align: justify;\">A expectativa do Presidente do Sistema FAET\/SENAR, Paulo Carneiro \u00e9 que a forma\u00e7\u00e3o fortale\u00e7a os sindicatos rurais e garanta a eles condi\u00e7\u00f5es de atender as demandas do setor rural, em pleno desenvolvimento no estado.<\/p>\n<p>&nbsp;<\/p>\n<p style=\"text-align: justify;\">\u201cNossa miss\u00e3o \u00e9 apoiar e fortalecer nossas bases, atrav\u00e9s do conhecimento que \u00e9 fundamental. A boa lideran\u00e7a \u00e9 essencial para o sucesso da nossa atividade e os novos tempos exigem novas pr\u00e1ticas\u201d pontuou o presidente.<\/p>\n<p>&nbsp;<\/p>\n<p style=\"text-align: justify;\"><strong>REPRESENTATIVIDADE<\/strong><\/p>\n<p>&nbsp;<\/p>\n<p style=\"text-align: justify;\">Psic\u00f3logo, mestre em Administra\u00e7\u00e3o e especialista em Gest\u00e3o e Desenvolvimento de Pessoas, Celso Garcia foi convidado para conduzir a capacita\u00e7\u00e3o. Para ele, as mudan\u00e7as s\u00e3o inevit\u00e1veis e os l\u00edderes precisam estar atentos \u00e0 essa transforma\u00e7\u00e3o.<\/p>\n<p>&nbsp;<\/p>\n<p style=\"text-align: justify;\">\u201cEmbora o l\u00edder sozinho n\u00e3o seja capaz de mudar uma realidade, uma mudan\u00e7a tamb\u00e9m n\u00e3o ocorre sem uma lideran\u00e7a\u201d, afirmou Garcia, que justificou a capacita\u00e7\u00e3o como uma forma de garantir a sustentabilidade dos sindicatos melhorando sua representa\u00e7\u00e3o.<\/p>\n<p>&nbsp;<\/p>\n<p style=\"text-align: justify;\">Presidentes de sindicatos louvaram a iniciativa do Sistema FAET. \u201cPrecisamos melhorar a rela\u00e7\u00e3o com o produtor. Afinal dependemos um do outro e juntos somos mais fortes\u201d disse Francisco Tozzatti, de Dois Irm\u00e3os. \u201cTemos que enaltecer essa iniciativa da FAET, do presidente Paulo e Rayley do Senar por fazer algo que nunca foi feito antes\u201d, disse Cleiton Marinho, de Barrol\u00e2ndia.<\/p>\n<p>&nbsp;<\/p>\n<p style=\"text-align: justify;\">A superintendente do Senar, Rayley Luzza, tamb\u00e9m destacou a relev\u00e2ncia da forma\u00e7\u00e3o de l\u00edderes. \u201cNosso setor evolui numa velocidade impressionante e nossos l\u00edderes precisam acompanhar essa evolu\u00e7\u00e3o. O programa foi constru\u00eddo com esse prop\u00f3sito, porque novos tempos exigem novas mentalidades e atitudes\u201d, destacou Rayley.<\/p>\n<p>&nbsp;<\/p>\n<p style=\"text-align: justify;\">Para a superintendente federal do MAPA no Tocantins, Lires Teresa Fernanda, \u201cquem se capacita tem mais autonomia para agir e fazer melhor, por isso apoiamos essa iniciativa e queremos ser parceiros da FAET e dos sindicatos em outros momentos\u201d, destacou.<\/p>\n<p>&nbsp;<\/p>\n<p><img decoding=\"async\" class=\"size-full wp-image-993 aligncenter\" src=\"https:\/\/sistemafaetsenar.org.br\/faet\/wp-content\/uploads\/2024\/01\/FAET-SENAR-Sindicatos.png\" alt=\"\" width=\"200\" height=\"61\" \/><\/p>\n","protected":false},"excerpt":{"rendered":"<p>Uma parceria entre a Federa\u00e7\u00e3o da Agricultura e Pecu\u00e1ria do Estado do Tocantins (FAET), Servi\u00e7o Nacional de Aprendizagem Rural (SENAR) e o Minist\u00e9rio da Agricultura Pecu\u00e1ria e Abastecimento (MAPA) e Governo Federal busca preparar lideran\u00e7as do meio rural para atuar na defesa do produtor rural diante dos desafios atuais do setor. &nbsp; O Programa \u201cCapacita [&hellip;]<\/p>\n","protected":false},"author":2,"featured_media":285,"comment_status":"open","ping_status":"open","sticky":false,"template":"","format":"standard","meta":{"kia_subtitle":"Evento em Palmas \u00e9 iniciativa do Sistema Faet\/Senar, Mapa e Governo Federal 24 de julho 2023","footnotes":""},"categories":[13,14,15],"tags":[],"class_list":["post-284","post","type-post","status-publish","format-standard","has-post-thumbnail","hentry","category-cursos-e-palestras","category-diretoria","category-faet"],"_links":{"self":[{"href":"https:\/\/sistemafaetsenar.org.br\/faet\/wp-json\/wp\/v2\/posts\/284"}],"collection":[{"href":"https:\/\/sistemafaetsenar.org.br\/faet\/wp-json\/wp\/v2\/posts"}],"about":[{"href":"https:\/\/sistemafaetsenar.org.br\/faet\/wp-json\/wp\/v2\/types\/post"}],"author":[{"embeddable":true,"href":"https:\/\/sistemafaetsenar.org.br\/faet\/wp-json\/wp\/v2\/users\/2"}],"replies":[{"embeddable":true,"href":"https:\/\/sistemafaetsenar.org.br\/faet\/wp-json\/wp\/v2\/comments?post=284"}],"version-history":[{"count":0,"href":"https:\/\/sistemafaetsenar.org.br\/faet\/wp-json\/wp\/v2\/posts\/284\/revisions"}],"wp:featuredmedia":[{"embeddable":true,"href":"https:\/\/sistemafaetsenar.org.br\/faet\/wp-json\/wp\/v2\/media\/285"}],"wp:attachment":[{"href":"https:\/\/sistemafaetsenar.org.br\/faet\/wp-json\/wp\/v2\/media?parent=284"}],"wp:term":[{"taxonomy":"category","embeddable":true,"href":"https:\/\/sistemafaetsenar.org.br\/faet\/wp-json\/wp\/v2\/categories?post=284"},{"taxonomy":"post_tag","embeddable":true,"href":"https:\/\/sistemafaetsenar.org.br\/faet\/wp-json\/wp\/v2\/tags?post=284"}],"curies":[{"name":"wp","href":"https:\/\/api.w.org\/{rel}","templated":true}]}}