{"id":2765,"date":"2024-12-13T11:00:19","date_gmt":"2024-12-13T14:00:19","guid":{"rendered":"https:\/\/sistemafaetsenar.org.br\/faet\/?p=2765"},"modified":"2024-12-13T11:01:12","modified_gmt":"2024-12-13T14:01:12","slug":"balanco-2024-faet-intensifia-atuacao-em-defesa-do-setor-produtivo","status":"publish","type":"post","link":"https:\/\/sistemafaetsenar.org.br\/faet\/balanco-2024-faet-intensifia-atuacao-em-defesa-do-setor-produtivo\/","title":{"rendered":"Balan\u00e7o 2024: FAET intensifica atua\u00e7\u00e3o em defesa do setor produtivo"},"content":{"rendered":"<p align=\"justify\"><span style=\"font-family: Arial, serif;\"><span style=\"font-size: medium;\">O ano de 2024 foi marcado por avan\u00e7os e desafios para a Federa\u00e7\u00e3o da Agricultura e Pecu\u00e1ria do Estado do Tocantins (FAET), que desempenhou um papel ativo em diversas frentes voltadas ao desenvolvimento sustent\u00e1vel, fortalecimento do setor agropecu\u00e1rio e defesa dos interesses dos produtores rurais. Confira os principais destaques:<\/span><\/span><\/p>\n<p align=\"justify\"><span style=\"font-family: Arial, serif;\"><span style=\"font-size: medium;\"><b>Zoneamento Ecol\u00f3gico Econ\u00f4mico (ZEE)<\/b><\/span><\/span><\/p>\n<p align=\"justify\"><span style=\"font-family: Arial, serif;\"><span style=\"font-size: medium;\">A FAET acompanhou de perto as discuss\u00f5es sobre o ZEE no Conselho Estadual de Meio Ambiente, cobrando agilidade e transpar\u00eancia. Foi protocolado o of\u00edcio 123\/2024, solicitando acesso integral ao documento para an\u00e1lise t\u00e9cnica. Al\u00e9m disso, promoveu reuni\u00f5es com o segmento produtivo para debater os rumos da proposta.<\/span><\/span><\/p>\n<p align=\"justify\"><span style=\"font-family: Arial, serif;\"><span style=\"font-size: medium;\"><b>C\u00f3digo Florestal Estadual<\/b><\/span><\/span><\/p>\n<p align=\"justify\"><span style=\"font-family: Arial, serif;\"><span style=\"font-size: medium;\">A entidade teve participa\u00e7\u00e3o ativa na cobran\u00e7a da defini\u00e7\u00e3o do novo C\u00f3digo Florestal do Tocantins, contribuindo em audi\u00eancias p\u00fablicas e reuni\u00f5es com a Frente Parlamentar da Agropecu\u00e1ria. A FAET destacou a import\u00e2ncia de uma legisla\u00e7\u00e3o que concilie preserva\u00e7\u00e3o ambiental e seguran\u00e7a jur\u00eddica para os produtores.<\/span><\/span><\/p>\n<p align=\"justify\"><span style=\"font-family: Arial, serif;\"><span style=\"font-size: medium;\"><b>REDD+ Jurisdicional<\/b><\/span><\/span><\/p>\n<p align=\"justify\"><span style=\"font-family: Arial, serif;\"><span style=\"font-size: medium;\">A FAET integrou o grupo de trabalho respons\u00e1vel por acompanhar o programa de comercializa\u00e7\u00e3o de cr\u00e9dito de carbono e promoveu debates com produtores rurais para garantir que os projetos de compensa\u00e7\u00e3o ambiental contemplem o setor produtivo.<\/span><\/span><\/p>\n<p align=\"justify\"><span style=\"font-family: Arial, serif;\"><span style=\"font-size: medium;\"><b>Regulariza\u00e7\u00e3o Fundi\u00e1ria<\/b><\/span><\/span><\/p>\n<p align=\"justify\"><span style=\"font-family: Arial, serif;\"><span style=\"font-size: medium;\">A FAET foi uma voz ativa no incentivo da cria\u00e7\u00e3o e defesa do Projeto de Lei 1199\/2023, que prev\u00ea a doa\u00e7\u00e3o de \u00e1reas da Uni\u00e3o ao Estado do Tocantins. Foram realizadas reuni\u00f5es com senadores e audi\u00eancias p\u00fablicas para buscar solu\u00e7\u00f5es para a regulariza\u00e7\u00e3o fundi\u00e1ria e combater a inseguran\u00e7a jur\u00eddica.<\/span><\/span><\/p>\n<p align=\"justify\"><span style=\"font-family: Arial, serif;\"><span style=\"font-size: medium;\"><b>Mobiliza\u00e7\u00e3o no Congresso Nacional<\/b><\/span><\/span><\/p>\n<p align=\"justify\"><span style=\"font-family: Arial, serif;\"><span style=\"font-size: medium;\">Com forte articula\u00e7\u00e3o junto \u00e0 bancada federal, a FAET se destacou na mobiliza\u00e7\u00e3o realizada pela CNA na derrubada de vetos presidenciais relacionados ao agroneg\u00f3cio, como a legisla\u00e7\u00e3o sobre autocontrole agropecu\u00e1rio e reserva legal.<\/span><\/span><\/p>\n<p align=\"justify\"><span style=\"font-family: Arial, serif;\"><span style=\"font-size: medium;\"><b>Polo de Irriga\u00e7\u00e3o na Regi\u00e3o Sudoeste<\/b><\/span><\/span><\/p>\n<p align=\"justify\"><span style=\"font-family: Arial, serif;\"><span style=\"font-size: medium;\">A entidade participou da cria\u00e7\u00e3o do Polo de Irriga\u00e7\u00e3o da Regi\u00e3o Sudoeste do Tocantins, integrando o comit\u00ea gestor e contribuindo com a\u00e7\u00f5es estrat\u00e9gicas para impulsionar a agricultura irrigada no estado.<\/span><\/span><\/p>\n<p align=\"justify\"><span style=\"font-family: Arial, serif;\"><span style=\"font-size: medium;\"><b>APA Cant\u00e3o<\/b><\/span><\/span><\/p>\n<p align=\"justify\"><span style=\"font-family: Arial, serif;\"><span style=\"font-size: medium;\">A FAET acompanhou ativamente a revis\u00e3o do plano de manejo da APA Cant\u00e3o, participando de audi\u00eancias p\u00fablicas e discuss\u00f5es t\u00e9cnicas para assegurar que as medidas respeitem o equil\u00edbrio entre preserva\u00e7\u00e3o ambiental e a atividade agropecu\u00e1ria.<\/span><\/span><\/p>\n<p align=\"justify\"><span style=\"font-family: Arial, serif;\"><span style=\"font-size: medium;\"><b>Combate \u00e0s Invas\u00f5es de Terra<\/b><\/span><\/span><\/p>\n<p align=\"justify\"><span style=\"font-family: Arial, serif;\"><span style=\"font-size: medium;\">Com o objetivo de garantir seguran\u00e7a ao setor produtivo, a FAET prop\u00f4s \u00e0 Frente Parlamentar do Agroneg\u00f3cio um projeto de lei para endurecer a puni\u00e7\u00e3o de invasores de terra. Tamb\u00e9m estimulou e apoiou a cria\u00e7\u00e3o do patrulhamento rural em diferentes pontos do estado.<\/span><\/span><\/p>\n<p align=\"justify\"><span style=\"font-family: Arial, serif;\"><span style=\"font-size: medium;\"><b>Esclarecimentos sobre Desmatamento<\/b><\/span><\/span><\/p>\n<p align=\"justify\"><span style=\"font-family: Arial, serif;\"><span style=\"font-size: medium;\">A FAET assinou uma nota conjunta com outras entidades do agroneg\u00f3cio, cobrando explica\u00e7\u00f5es do governo estadual sobre not\u00edcias relacionadas ao desmatamento ilegal. A nota pedia revis\u00e3o das informa\u00e7\u00f5es. A a\u00e7\u00e3o refor\u00e7a o compromisso com a preserva\u00e7\u00e3o ambiental e a transpar\u00eancia.<\/span><\/span><\/p>\n<p align=\"justify\"><span style=\"font-family: Arial, serif;\"><span style=\"font-size: medium;\"><b>Exposi\u00e7\u00f5es Agropecu\u00e1rias <\/b><\/span><\/span><\/p>\n<p align=\"justify\"><span style=\"font-family: Arial, serif;\"><span style=\"font-size: medium;\">A FAET apoiou a realiza\u00e7\u00e3o de 34 feiras agropecu\u00e1rias que movimentaram 342.000.000,00 em neg\u00f3cios.<\/span><\/span><\/p>\n<p align=\"justify\"><span style=\"font-family: Arial, serif;\"><span style=\"font-size: medium;\"><b>Agro Forte<\/b><\/span><\/span><\/p>\n<p align=\"justify\"><span style=\"font-family: Arial, serif;\"><span style=\"font-size: medium;\">O projeto &#8220;AgroForte&#8221; contou com 18 edi\u00e7\u00f5es. Dentro das feiras agropecu\u00e1rias o projeto levou capacita\u00e7\u00e3o por meio de palestras <\/span><\/span><span style=\"font-family: Arial, serif;\"><span style=\"font-size: medium;\">e pain\u00e9is.<\/span><\/span><\/p>\n<p align=\"justify\">\n<p align=\"justify\"><span style=\"font-family: Arial, serif;\"><span style=\"font-size: medium;\">Segundo o presidente do sistema FAET\/Senar, Paulo Carneiro, com <\/span><\/span><span style=\"font-family: Arial, serif;\"><span style=\"font-size: medium;\">2024 chegando ao fim, a FAET reafirma seu compromisso de atuar como uma ponte entre os produtores rurais e as pol\u00edticas p\u00fablicas, sempre buscando um equil\u00edbrio entre o desenvolvimento sustent\u00e1vel e a prote\u00e7\u00e3o dos interesses do setor agropecu\u00e1rio \u201c<\/span><\/span><span style=\"font-family: Arial, serif;\"><span style=\"font-size: medium;\">Seguimos<\/span><\/span><span style=\"font-family: Arial, serif;\"><span style=\"font-size: medium;\"> firme<\/span><\/span><span style=\"font-family: Arial, serif;\"><span style=\"font-size: medium;\">s<\/span><\/span> <span style=\"font-family: Arial, serif;\"><span style=\"font-size: medium;\">na <\/span><\/span><span style=\"font-family: Arial, serif;\"><span style=\"font-size: medium;\">miss\u00e3o de construir um futuro mais forte e promissor para o Tocantins\u201d. <\/span><\/span><\/p>\n","protected":false},"excerpt":{"rendered":"<p>O ano de 2024 foi marcado por avan\u00e7os e desafios para a Federa\u00e7\u00e3o da Agricultura e Pecu\u00e1ria do Estado do Tocantins (FAET), que desempenhou um papel ativo em diversas frentes voltadas ao desenvolvimento sustent\u00e1vel, fortalecimento do setor agropecu\u00e1rio e defesa dos interesses dos produtores rurais. Confira os principais destaques: Zoneamento Ecol\u00f3gico Econ\u00f4mico (ZEE) A FAET [&hellip;]<\/p>\n","protected":false},"author":3,"featured_media":2766,"comment_status":"open","ping_status":"open","sticky":false,"template":"","format":"standard","meta":{"kia_subtitle":"","footnotes":""},"categories":[26],"tags":[],"class_list":["post-2765","post","type-post","status-publish","format-standard","has-post-thumbnail","hentry","category-noticia-principal"],"_links":{"self":[{"href":"https:\/\/sistemafaetsenar.org.br\/faet\/wp-json\/wp\/v2\/posts\/2765"}],"collection":[{"href":"https:\/\/sistemafaetsenar.org.br\/faet\/wp-json\/wp\/v2\/posts"}],"about":[{"href":"https:\/\/sistemafaetsenar.org.br\/faet\/wp-json\/wp\/v2\/types\/post"}],"author":[{"embeddable":true,"href":"https:\/\/sistemafaetsenar.org.br\/faet\/wp-json\/wp\/v2\/users\/3"}],"replies":[{"embeddable":true,"href":"https:\/\/sistemafaetsenar.org.br\/faet\/wp-json\/wp\/v2\/comments?post=2765"}],"version-history":[{"count":0,"href":"https:\/\/sistemafaetsenar.org.br\/faet\/wp-json\/wp\/v2\/posts\/2765\/revisions"}],"wp:featuredmedia":[{"embeddable":true,"href":"https:\/\/sistemafaetsenar.org.br\/faet\/wp-json\/wp\/v2\/media\/2766"}],"wp:attachment":[{"href":"https:\/\/sistemafaetsenar.org.br\/faet\/wp-json\/wp\/v2\/media?parent=2765"}],"wp:term":[{"taxonomy":"category","embeddable":true,"href":"https:\/\/sistemafaetsenar.org.br\/faet\/wp-json\/wp\/v2\/categories?post=2765"},{"taxonomy":"post_tag","embeddable":true,"href":"https:\/\/sistemafaetsenar.org.br\/faet\/wp-json\/wp\/v2\/tags?post=2765"}],"curies":[{"name":"wp","href":"https:\/\/api.w.org\/{rel}","templated":true}]}}