{"id":2759,"date":"2024-12-11T15:42:49","date_gmt":"2024-12-11T18:42:49","guid":{"rendered":"https:\/\/sistemafaetsenar.org.br\/faet\/?p=2759"},"modified":"2024-12-11T15:43:56","modified_gmt":"2024-12-11T18:43:56","slug":"faet-participa-de-reuniao-da-cna-para-discutir-mercado-de-carbono-e-rastreabilidade-individual-de-bovinos-e-bubalinos","status":"publish","type":"post","link":"https:\/\/sistemafaetsenar.org.br\/faet\/faet-participa-de-reuniao-da-cna-para-discutir-mercado-de-carbono-e-rastreabilidade-individual-de-bovinos-e-bubalinos\/","title":{"rendered":"FAET participa em Brasilia de reuni\u00e3o que discutie mercado de carbono e rastreabilidade"},"content":{"rendered":"<p>O Presidente do Sistema FAET\/Senar, Paulo Carneiro, participou de uma reuni\u00e3o da Comiss\u00e3o Nacional de Desenvolvimento da Regi\u00e3o Norte da CNA, em Bras\u00edlia. O assunto principal foi a analise do projeto de lei 182\/2024 que regulamenta o mercado de carbono no Brasil e aguarda san\u00e7\u00e3o presidencial.<\/p>\n<p>&nbsp;<\/p>\n<p><strong>A COMISS\u00c3O:<\/strong><\/p>\n<p>&nbsp;<\/p>\n<p>O coordenador de Sustentabilidade da Confedera\u00e7\u00e3o, Nelson Ananias Filho, abordou a nova lei, explicando como funcionar\u00e1 o mercado brasileiro de comercializa\u00e7\u00e3o de emiss\u00f5es.<\/p>\n<p>&nbsp;<\/p>\n<p>Filho afirmou que o agro est\u00e1 fora do mercado regulado de carbono, ou seja, o setor n\u00e3o ser\u00e1 taxado ou submetido \u00e0s obriga\u00e7\u00f5es previstas no Sistema Brasileiro de Com\u00e9rcio de Emiss\u00f5es de Gases de Efeito Estufa (SBCE).<\/p>\n<p>&nbsp;<\/p>\n<p>\u201cTemos que trabalhar muito nessa regulamenta\u00e7\u00e3o ano que vem. O mercado de carbono n\u00e3o vai come\u00e7ar a funcionar em 2025, \u00e9 um processo que precisa ser regulamentado e ainda iremos passar pela COP30. A aprova\u00e7\u00e3o do mercado de carbono foi um grande avan\u00e7o, mas \u00e9 preciso ainda muito trabalho para que ele venha a ser uma fonte de renda extra para o produtor rural\u201d, disse.<\/p>\n<p>&nbsp;<\/p>\n<p>A comiss\u00e3o tratou ainda da atualiza\u00e7\u00e3o sobre a rastreabilidade individual de bovinos e bubalinos no Brasil. O assessor t\u00e9cnico de bovinocultura de corte, Rafael Filho, apresentou um hist\u00f3rico da pauta, desde a cria\u00e7\u00e3o do Grupo de Trabalho de Rastreabilidade da CNA, em 2022, at\u00e9 o envio das propostas da entidade para o Minist\u00e9rio da Agricultura e o in\u00edcio das discuss\u00f5es no \u00f3rg\u00e3o.<\/p>\n<p>&nbsp;<\/p>\n<p>O t\u00e9cnico falou ainda sobre a qualifica\u00e7\u00e3o da rastreabilidade individual de bovinos e b\u00fafalos, que foi tema de discuss\u00e3o do grupo de trabalho do Mapa que a CNA fez parte.<\/p>\n<p>&nbsp;<\/p>\n<p>\u201cA partir das discuss\u00f5es desse grupo, foi elaborado um documento com as diretrizes para a rastreabilidade individual. O documento foi assinado pelas institui\u00e7\u00f5es que compuseram o grupo de trabalho. A Secretaria de Defesa Agropecu\u00e1ria, do Minist\u00e9rio, encaminhou o documento para a an\u00e1lise do ministro Carlos F\u00e1varo. A CNA tem cobrado e articulado para a publica\u00e7\u00e3o de normativa sobre o tema\u201d, disse.<\/p>\n<p>&nbsp;<\/p>\n","protected":false},"excerpt":{"rendered":"<p>O Presidente do Sistema FAET\/Senar, Paulo Carneiro, participou de uma reuni\u00e3o da Comiss\u00e3o Nacional de Desenvolvimento da Regi\u00e3o Norte da CNA, em Bras\u00edlia. O assunto principal foi a analise do projeto de lei 182\/2024 que regulamenta o mercado de carbono no Brasil e aguarda san\u00e7\u00e3o presidencial. &nbsp; A COMISS\u00c3O: &nbsp; O coordenador de Sustentabilidade da [&hellip;]<\/p>\n","protected":false},"author":3,"featured_media":2760,"comment_status":"open","ping_status":"open","sticky":false,"template":"","format":"standard","meta":{"kia_subtitle":"","footnotes":""},"categories":[26],"tags":[],"class_list":["post-2759","post","type-post","status-publish","format-standard","has-post-thumbnail","hentry","category-noticia-principal"],"_links":{"self":[{"href":"https:\/\/sistemafaetsenar.org.br\/faet\/wp-json\/wp\/v2\/posts\/2759"}],"collection":[{"href":"https:\/\/sistemafaetsenar.org.br\/faet\/wp-json\/wp\/v2\/posts"}],"about":[{"href":"https:\/\/sistemafaetsenar.org.br\/faet\/wp-json\/wp\/v2\/types\/post"}],"author":[{"embeddable":true,"href":"https:\/\/sistemafaetsenar.org.br\/faet\/wp-json\/wp\/v2\/users\/3"}],"replies":[{"embeddable":true,"href":"https:\/\/sistemafaetsenar.org.br\/faet\/wp-json\/wp\/v2\/comments?post=2759"}],"version-history":[{"count":0,"href":"https:\/\/sistemafaetsenar.org.br\/faet\/wp-json\/wp\/v2\/posts\/2759\/revisions"}],"wp:featuredmedia":[{"embeddable":true,"href":"https:\/\/sistemafaetsenar.org.br\/faet\/wp-json\/wp\/v2\/media\/2760"}],"wp:attachment":[{"href":"https:\/\/sistemafaetsenar.org.br\/faet\/wp-json\/wp\/v2\/media?parent=2759"}],"wp:term":[{"taxonomy":"category","embeddable":true,"href":"https:\/\/sistemafaetsenar.org.br\/faet\/wp-json\/wp\/v2\/categories?post=2759"},{"taxonomy":"post_tag","embeddable":true,"href":"https:\/\/sistemafaetsenar.org.br\/faet\/wp-json\/wp\/v2\/tags?post=2759"}],"curies":[{"name":"wp","href":"https:\/\/api.w.org\/{rel}","templated":true}]}}