{"id":2745,"date":"2024-11-29T09:51:08","date_gmt":"2024-11-29T12:51:08","guid":{"rendered":"https:\/\/sistemafaetsenar.org.br\/faet\/?p=2745"},"modified":"2024-11-29T09:52:38","modified_gmt":"2024-11-29T12:52:38","slug":"cna-e-federacoes-do-norte-discutem-pautas-prioritarias-com-presidente-da-fpa","status":"publish","type":"post","link":"https:\/\/sistemafaetsenar.org.br\/faet\/cna-e-federacoes-do-norte-discutem-pautas-prioritarias-com-presidente-da-fpa\/","title":{"rendered":"FAET participa de reuni\u00e3o da CNA para discutir pautas priorit\u00e1rias com presidente da FPA"},"content":{"rendered":"<p>A CNA e as federa\u00e7\u00f5es de agricultura e pecu\u00e1ria do Norte do pa\u00eds apresentaram ao presidente da Frente Parlamentar da Agropecu\u00e1ria (FPA), deputado Pedro Lupion (PP\/PR), as principais demandas dos produtores rurais da regi\u00e3o.<\/p>\n<p>&nbsp;<\/p>\n<p>O tema foi tratado em reuni\u00e3o na noite de quarta (27), na C\u00e2mara. O objetivo do encontro foi solicitar o apoio para a aprova\u00e7\u00e3o das propostas que tramitam no Congresso Nacional.<\/p>\n<p>&nbsp;<\/p>\n<p>A lista de prioridades inclui, principalmente, propostas para as pautas fundi\u00e1ria, ambiental e de desenvolvimento regional. O presidente da Comiss\u00e3o Nacional de Desenvolvimento da Regi\u00e3o Norte da CNA e da Federa\u00e7\u00e3o da Agricultura e Pecu\u00e1ria do Amazonas (Faea), Muni Louren\u00e7o, explicou que este \u00e9 um dos principais desafios do setor para garantir seguran\u00e7a jur\u00eddica no campo.<\/p>\n<p>&nbsp;<\/p>\n<p>\u201cO setor agropecu\u00e1rio tem muitos entraves e precisa de pol\u00edticas que promovam a celeridade na regulariza\u00e7\u00e3o fundi\u00e1ria e ambiental, para que os produtores na Amaz\u00f4nia possam ter acesso ao cr\u00e9dito e promover o desenvolvimento regional de forma sustent\u00e1vel, fazendo aquilo que ele faz de melhor: produzir e preservar o meio ambiente\u201d, ressaltou Louren\u00e7o.<\/p>\n<p>&nbsp;<\/p>\n<p>No encontro, foram apresentados ao presidente da FPA dados sobre a produ\u00e7\u00e3o agropecu\u00e1ria na regi\u00e3o que refor\u00e7am a import\u00e2ncia da atividade e a necessidade de medidas que deem competitividade aos produtores rurais. A rela\u00e7\u00e3o de propostas defendidas pela CNA e pelas federa\u00e7\u00f5es tamb\u00e9m inclui temas de infraestrutura e cr\u00e9dito rural.<\/p>\n<p>&nbsp;<\/p>\n<p>O senador Jaime Bagattoli (PL\/RO) tamb\u00e9m participou do encontro. Estiveram presentes os presidentes das Federa\u00e7\u00f5es de Agricultura e Pecu\u00e1ria do Acre (Faeac), Assuero Veronez; Rond\u00f4nia (Faperon), H\u00e9lio Dias; Tocantins (Faet), Paulo Carneiro; a assessora t\u00e9cnica da Federa\u00e7\u00e3o da Agricultura e Pecu\u00e1ria do Par\u00e1 (Faepa), Eliana Zacca, e t\u00e9cnicos da CNA.<\/p>\n<p><strong><em>Por CNA.<\/em><\/strong><\/p>\n","protected":false},"excerpt":{"rendered":"<p>A CNA e as federa\u00e7\u00f5es de agricultura e pecu\u00e1ria do Norte do pa\u00eds apresentaram ao presidente da Frente Parlamentar da Agropecu\u00e1ria (FPA), deputado Pedro Lupion (PP\/PR), as principais demandas dos produtores rurais da regi\u00e3o. &nbsp; O tema foi tratado em reuni\u00e3o na noite de quarta (27), na C\u00e2mara. O objetivo do encontro foi solicitar o [&hellip;]<\/p>\n","protected":false},"author":3,"featured_media":2746,"comment_status":"open","ping_status":"open","sticky":false,"template":"","format":"standard","meta":{"kia_subtitle":"","footnotes":""},"categories":[26],"tags":[],"class_list":["post-2745","post","type-post","status-publish","format-standard","has-post-thumbnail","hentry","category-noticia-principal"],"_links":{"self":[{"href":"https:\/\/sistemafaetsenar.org.br\/faet\/wp-json\/wp\/v2\/posts\/2745"}],"collection":[{"href":"https:\/\/sistemafaetsenar.org.br\/faet\/wp-json\/wp\/v2\/posts"}],"about":[{"href":"https:\/\/sistemafaetsenar.org.br\/faet\/wp-json\/wp\/v2\/types\/post"}],"author":[{"embeddable":true,"href":"https:\/\/sistemafaetsenar.org.br\/faet\/wp-json\/wp\/v2\/users\/3"}],"replies":[{"embeddable":true,"href":"https:\/\/sistemafaetsenar.org.br\/faet\/wp-json\/wp\/v2\/comments?post=2745"}],"version-history":[{"count":0,"href":"https:\/\/sistemafaetsenar.org.br\/faet\/wp-json\/wp\/v2\/posts\/2745\/revisions"}],"wp:featuredmedia":[{"embeddable":true,"href":"https:\/\/sistemafaetsenar.org.br\/faet\/wp-json\/wp\/v2\/media\/2746"}],"wp:attachment":[{"href":"https:\/\/sistemafaetsenar.org.br\/faet\/wp-json\/wp\/v2\/media?parent=2745"}],"wp:term":[{"taxonomy":"category","embeddable":true,"href":"https:\/\/sistemafaetsenar.org.br\/faet\/wp-json\/wp\/v2\/categories?post=2745"},{"taxonomy":"post_tag","embeddable":true,"href":"https:\/\/sistemafaetsenar.org.br\/faet\/wp-json\/wp\/v2\/tags?post=2745"}],"curies":[{"name":"wp","href":"https:\/\/api.w.org\/{rel}","templated":true}]}}