{"id":2742,"date":"2024-11-25T16:53:04","date_gmt":"2024-11-25T19:53:04","guid":{"rendered":"https:\/\/sistemafaetsenar.org.br\/faet\/?p=2742"},"modified":"2024-11-25T16:53:04","modified_gmt":"2024-11-25T19:53:04","slug":"seminario-sindical-do-sistema-faet-senar-reforca-uniao-forca-e-compromisso-do-setor-agropecuario-do-tocantins","status":"publish","type":"post","link":"https:\/\/sistemafaetsenar.org.br\/faet\/seminario-sindical-do-sistema-faet-senar-reforca-uniao-forca-e-compromisso-do-setor-agropecuario-do-tocantins\/","title":{"rendered":"Semin\u00e1rio Sindical do Sistema FAET\/Senar refor\u00e7a uni\u00e3o, for\u00e7a e compromisso do setor agropecu\u00e1rio do Tocantins"},"content":{"rendered":"<p>\u201cEsteve evento \u00e9 uma demonstra\u00e7\u00e3o da qualidade do trabalho que a Faet, por meio do presidente Paulo Carneiro e toda equipe tem realizado no Tocantins; n\u00e3o \u00e9 a maior, mas \u00e9, sem d\u00favida, uma das melhores federa\u00e7\u00f5es de Agricultura e Pecu\u00e1ria do Brasil\u201d.<\/p>\n<p>&nbsp;<\/p>\n<p>As palavras s\u00e3o do Diretor Geral do Sistema CNA\/Senar, Daniel Carrara, no fechamento do 9o. Semin\u00e1rio de Excel\u00eancia Sindical, promovido pelo Sistema Faet\/Senar, que este ano foi realizado no Tau\u00e1 Resort &amp; Convention, em Alex\u00e2nia, Goi\u00e1s.<\/p>\n<p>&nbsp;<\/p>\n<p><strong>Qualifica\u00e7\u00e3o e Reconhecimento<\/strong><\/p>\n<p>&nbsp;<\/p>\n<p>Durante quatro dias, os dirigentes sindicais do Tocantins participaram de palestras, reuni\u00f5es e visitas t\u00e9cnicas, onde tiveram a oportunidade de conhecer novas pr\u00e1ticas e tecnologias que podem aprimorar o trabalho sindical e os servi\u00e7os ao produtor rural.<\/p>\n<p>&nbsp;<\/p>\n<p>\u201cQuando fui presidente de sindicato tinha o desejo de ampliar os conhecimentos no setor, mas n\u00e3o tive essa oportunidade. Agora como presidente da Federa\u00e7\u00e3o estamos trabalhado para que nossos presidentes tenham esses momentos para melhorar sua atua\u00e7\u00e3o e atender melhor os nossos produtores rurais\u201d, disse Paulo Carneiro.<\/p>\n<p>&nbsp;<\/p>\n<p>Ele agradeceu a participa\u00e7\u00e3o de todos, as manifesta\u00e7\u00f5es de carinho e o apoio a atual gest\u00e3o. \u201cFico feliz de ouvir o retorno dos presidentes e o reconhecimento ao nosso trabalho, isso significa que estamos no caminho certo\u201d, disse o presidente.<\/p>\n<p>&nbsp;<\/p>\n<p>Os superintendentes da Faet, Fred Sodr\u00e9 e do Senar, Rayley Luzza celebraram o sucesso do semin\u00e1rio sindical e a satisfa\u00e7\u00e3o dos participantes. Respons\u00e1veis pela realiza\u00e7\u00e3o do evento, eles agradeceram os participantes.<\/p>\n<p>&nbsp;<\/p>\n<p><strong>Satisfa\u00e7\u00e3o e Apoio<\/strong><\/p>\n<p>&nbsp;<\/p>\n<p>Para o presidente do SR de Peixe, Pedro Prevedello, os presidentes retornam ao Tocantins ainda mais motivados. \u201cO presidente Paulo e toda equipe est\u00e3o de parab\u00e9ns. Somos hoje uma grande fam\u00edlia\u201d, ressaltou.<\/p>\n<p>&nbsp;<\/p>\n<p>Paulo Labre, presidente do SR de Tocantin\u00f3polis, destacou que o compromisso de todos com a atual gest\u00e3o tem sido fundamental para o sucesso e valoriza\u00e7\u00e3o da atividade sindical no Tocantins. \u201cN\u00f3s presidentes temos tamb\u00e9m que fazer a nossa parte, afinal nosso setor \u00e9 feito de pessoas s\u00e9rias e de palavra\u201d.<\/p>\n<p>&nbsp;<\/p>\n<p>O vice-presidente da Faet, Rog\u00e9rio Morais, do SR de Para\u00edso, destacou o sucesso do evento e parabenizou a todos pelo trabalho realizado ao longo do ano. \u201cS\u00f3 temos que agradecer ao presidente Paulo por tudo que tem feito por n\u00f3s e pela federa\u00e7\u00e3o\u201d.<\/p>\n<p>&nbsp;<\/p>\n<p>Darci D\u00e1rio, de Marian\u00f3polis, Jackson Lima, de Cristal\u00e2ndia, Jhonata Ara\u00fajo, de Divin\u00f3polis, Cleiton Marinho, de Barrol\u00e2ndia tamb\u00e9m manifestaram satisfa\u00e7\u00e3o com o evento e com a atua\u00e7\u00e3o do sistema FAET.<\/p>\n<p>&nbsp;<\/p>\n<p>\u201cJ\u00e1 fiz parte de gest\u00f5es anteriores, passei afastado um tempo e agora, retornando, vejo o incr\u00edvel trabalho que est\u00e1 sendo feito na federa\u00e7\u00e3o. Todos est\u00e3o de parab\u00e9ns porque estamos em boas m\u00e3os\u201d, ressaltou Raimundo Pessoa, presidente do SR de Guara\u00ed.<\/p>\n<p>&nbsp;<\/p>\n<p>Francisco Tozzatti, do SR de Dois Irm\u00e3os, disse que o evento evidencia o esfor\u00e7o da federa\u00e7\u00e3o em manter a unidade no segmento, fortalecendo a entidade para enfrentar os desafios do setor rural. Para ele, o momento exige uni\u00e3o do segmento.<\/p>\n<p>&nbsp;<\/p>\n<p><strong>Presen\u00e7a Feminina<\/strong><\/p>\n<p>&nbsp;<\/p>\n<p>Simone Sandri, do SR de Pedro Afonso registrou a presen\u00e7a e a participa\u00e7\u00e3o das mulheres n\u00e3o s\u00f3 no evento mas nas atividades ao longo do ano e agradeceu a dire\u00e7\u00e3o da Faet pelo apoio \u00e0 participa\u00e7\u00e3o feminina e aos sindicatos que est\u00e3o sendo reestruturados, como o dela.<\/p>\n<p>&nbsp;<\/p>\n<p>O sentimento tamb\u00e9m foi compartilhado pelas presidentes dos SRs de Alian\u00e7a e Dian\u00f3polis.<\/p>\n<p>&nbsp;<\/p>\n<p>Gilv\u00e2nia Barros, de Alian\u00e7a, disse que a federa\u00e7\u00e3o pode contar com os sindicatos porque os sindicatos sabem que tem com quem contar.<\/p>\n<p>&nbsp;<\/p>\n<p>Gina Minghini, de Dian\u00f3polis, destacou que a Faet realizou um grande evento e, mais que isso, a entidade tem tido um papel fundamental na reconstru\u00e7\u00e3o de sindicatos que estavam praticamente desativados. \u201cS\u00f3 tenho a agradecer por todo esse apoio que temos recebido\u201d.<\/p>\n<p>&nbsp;<\/p>\n<p>Do SR de Almas, Sandra Carneiro, agradeceu os colegas pela participa\u00e7\u00e3o e o sentimento familiar e de uni\u00e3o que domina o grupo.<\/p>\n<p>&nbsp;<\/p>\n<p>J\u00e1 Ozenira Caldeira, do SR de Duer\u00e9, foi enf\u00e1tica ao destacar que o setor est\u00e1 feliz e satisfeito com a aten\u00e7\u00e3o que recebe do Sistema Faet\/Senar.<\/p>\n","protected":false},"excerpt":{"rendered":"<p>\u201cEsteve evento \u00e9 uma demonstra\u00e7\u00e3o da qualidade do trabalho que a Faet, por meio do presidente Paulo Carneiro e toda equipe tem realizado no Tocantins; n\u00e3o \u00e9 a maior, mas \u00e9, sem d\u00favida, uma das melhores federa\u00e7\u00f5es de Agricultura e Pecu\u00e1ria do Brasil\u201d. &nbsp; As palavras s\u00e3o do Diretor Geral do Sistema CNA\/Senar, Daniel Carrara, [&hellip;]<\/p>\n","protected":false},"author":3,"featured_media":2743,"comment_status":"open","ping_status":"open","sticky":false,"template":"","format":"standard","meta":{"kia_subtitle":"","footnotes":""},"categories":[26],"tags":[],"class_list":["post-2742","post","type-post","status-publish","format-standard","has-post-thumbnail","hentry","category-noticia-principal"],"_links":{"self":[{"href":"https:\/\/sistemafaetsenar.org.br\/faet\/wp-json\/wp\/v2\/posts\/2742"}],"collection":[{"href":"https:\/\/sistemafaetsenar.org.br\/faet\/wp-json\/wp\/v2\/posts"}],"about":[{"href":"https:\/\/sistemafaetsenar.org.br\/faet\/wp-json\/wp\/v2\/types\/post"}],"author":[{"embeddable":true,"href":"https:\/\/sistemafaetsenar.org.br\/faet\/wp-json\/wp\/v2\/users\/3"}],"replies":[{"embeddable":true,"href":"https:\/\/sistemafaetsenar.org.br\/faet\/wp-json\/wp\/v2\/comments?post=2742"}],"version-history":[{"count":0,"href":"https:\/\/sistemafaetsenar.org.br\/faet\/wp-json\/wp\/v2\/posts\/2742\/revisions"}],"wp:featuredmedia":[{"embeddable":true,"href":"https:\/\/sistemafaetsenar.org.br\/faet\/wp-json\/wp\/v2\/media\/2743"}],"wp:attachment":[{"href":"https:\/\/sistemafaetsenar.org.br\/faet\/wp-json\/wp\/v2\/media?parent=2742"}],"wp:term":[{"taxonomy":"category","embeddable":true,"href":"https:\/\/sistemafaetsenar.org.br\/faet\/wp-json\/wp\/v2\/categories?post=2742"},{"taxonomy":"post_tag","embeddable":true,"href":"https:\/\/sistemafaetsenar.org.br\/faet\/wp-json\/wp\/v2\/tags?post=2742"}],"curies":[{"name":"wp","href":"https:\/\/api.w.org\/{rel}","templated":true}]}}