{"id":2738,"date":"2024-11-22T10:15:38","date_gmt":"2024-11-22T13:15:38","guid":{"rendered":"https:\/\/sistemafaetsenar.org.br\/faet\/?p=2738"},"modified":"2024-11-22T10:29:26","modified_gmt":"2024-11-22T13:29:26","slug":"nota-de-repudio","status":"publish","type":"post","link":"https:\/\/sistemafaetsenar.org.br\/faet\/nota-de-repudio\/","title":{"rendered":"NOTA DE REP\u00daDIO"},"content":{"rendered":"<p>O Sistema FAET\/SENAR Tocantins manifesta seu veemente rep\u00fadio \u00e0s declara\u00e7\u00f5es do CEO do Carrefour, Alexandre Bompard, que anunciou a decis\u00e3o de n\u00e3o comercializar carnes provenientes do Mercosul, incluindo do Brasil. Essa postura desrespeitosa ignora os avan\u00e7os e o compromisso da pecu\u00e1ria brasileira com a sustentabilidade, a rastreabilidade e a excel\u00eancia produtiva, pautas amplamente reconhecidas e certificadas em n\u00edvel global.<\/p>\n<p>&nbsp;<\/p>\n<p>A pecu\u00e1ria brasileira \u00e9 uma refer\u00eancia mundial em sustentabilidade, utilizando tecnologias modernas que garantem a produtividade sem descuidar da preserva\u00e7\u00e3o ambiental. A\u00e7\u00f5es como o uso de sistemas integrados, recupera\u00e7\u00e3o de pastagens degradadas e programas de mitiga\u00e7\u00e3o de emiss\u00f5es de carbono s\u00e3o provas concretas do esfor\u00e7o cont\u00ednuo dos nossos pecuaristas em produzir com responsabilidade e respeito ao meio ambiente.<\/p>\n<p>&nbsp;<\/p>\n<p>Ao desconsiderar essas evid\u00eancias e adotar uma posi\u00e7\u00e3o generalista e infundada, o Carrefour presta um desservi\u00e7o n\u00e3o apenas ao setor agropecu\u00e1rio, mas tamb\u00e9m ao consumidor, que merece informa\u00e7\u00f5es transparentes e justas sobre os produtos que adquire. O Brasil \u00e9 um dos maiores fornecedores de alimentos do mundo, e tal postura compromete n\u00e3o apenas a imagem do pa\u00eds, mas tamb\u00e9m o sustento de milhares de fam\u00edlias que trabalham diretamente no setor pecu\u00e1rio.<\/p>\n<p>&nbsp;<\/p>\n<p>O Sistema FAET\/SENAR reafirma sua defesa incondicional do agroneg\u00f3cio brasileiro e do trabalho \u00e1rduo dos pecuaristas, que s\u00e3o fundamentais para a economia e a seguran\u00e7a alimentar global. Continuaremos a atuar em prol da valoriza\u00e7\u00e3o de nossa produ\u00e7\u00e3o e a combater toda e qualquer tentativa de deslegitimar os esfor\u00e7os de quem se dedica a alimentar o mundo com qualidade e sustentabilidade.<\/p>\n<p>&nbsp;<\/p>\n<p>Sistema FAET\/Senar<\/p>\n","protected":false},"excerpt":{"rendered":"<p>O Sistema FAET\/SENAR Tocantins manifesta seu veemente rep\u00fadio \u00e0s declara\u00e7\u00f5es do CEO do Carrefour, Alexandre Bompard, que anunciou a decis\u00e3o de n\u00e3o comercializar carnes provenientes do Mercosul, incluindo do Brasil. Essa postura desrespeitosa ignora os avan\u00e7os e o compromisso da pecu\u00e1ria brasileira com a sustentabilidade, a rastreabilidade e a excel\u00eancia produtiva, pautas amplamente reconhecidas e [&hellip;]<\/p>\n","protected":false},"author":3,"featured_media":2741,"comment_status":"open","ping_status":"open","sticky":false,"template":"","format":"standard","meta":{"kia_subtitle":"","footnotes":""},"categories":[26],"tags":[],"class_list":["post-2738","post","type-post","status-publish","format-standard","has-post-thumbnail","hentry","category-noticia-principal"],"_links":{"self":[{"href":"https:\/\/sistemafaetsenar.org.br\/faet\/wp-json\/wp\/v2\/posts\/2738"}],"collection":[{"href":"https:\/\/sistemafaetsenar.org.br\/faet\/wp-json\/wp\/v2\/posts"}],"about":[{"href":"https:\/\/sistemafaetsenar.org.br\/faet\/wp-json\/wp\/v2\/types\/post"}],"author":[{"embeddable":true,"href":"https:\/\/sistemafaetsenar.org.br\/faet\/wp-json\/wp\/v2\/users\/3"}],"replies":[{"embeddable":true,"href":"https:\/\/sistemafaetsenar.org.br\/faet\/wp-json\/wp\/v2\/comments?post=2738"}],"version-history":[{"count":0,"href":"https:\/\/sistemafaetsenar.org.br\/faet\/wp-json\/wp\/v2\/posts\/2738\/revisions"}],"wp:featuredmedia":[{"embeddable":true,"href":"https:\/\/sistemafaetsenar.org.br\/faet\/wp-json\/wp\/v2\/media\/2741"}],"wp:attachment":[{"href":"https:\/\/sistemafaetsenar.org.br\/faet\/wp-json\/wp\/v2\/media?parent=2738"}],"wp:term":[{"taxonomy":"category","embeddable":true,"href":"https:\/\/sistemafaetsenar.org.br\/faet\/wp-json\/wp\/v2\/categories?post=2738"},{"taxonomy":"post_tag","embeddable":true,"href":"https:\/\/sistemafaetsenar.org.br\/faet\/wp-json\/wp\/v2\/tags?post=2738"}],"curies":[{"name":"wp","href":"https:\/\/api.w.org\/{rel}","templated":true}]}}