{"id":2735,"date":"2024-11-22T09:38:03","date_gmt":"2024-11-22T12:38:03","guid":{"rendered":"https:\/\/sistemafaetsenar.org.br\/faet\/?p=2735"},"modified":"2024-11-22T09:38:03","modified_gmt":"2024-11-22T12:38:03","slug":"sistema-faet-reune-presidentes-de-sindicatos-para-seminario-de-excelencia-sindical","status":"publish","type":"post","link":"https:\/\/sistemafaetsenar.org.br\/faet\/sistema-faet-reune-presidentes-de-sindicatos-para-seminario-de-excelencia-sindical\/","title":{"rendered":"Sistema FAET re\u00fane presidentes de sindicatos para Semin\u00e1rio de Excel\u00eancia Sindical"},"content":{"rendered":"<p>O 9o. Semin\u00e1rio de Excel\u00eancia Sindical do Sistema Faet\/Senar teve in\u00edcio com uma solenidade de abertura no Tau\u00e1 Resort &amp; Convention, em Alex\u00e2nia, Goi\u00e1s. Para o presidente Paulo Carneiro, a iniciativa consolida um ano de avan\u00e7os no setor.<\/p>\n<p>&nbsp;<\/p>\n<p>\u201cEstamos fechando 2024 com mais um momento de capacita\u00e7\u00e3o e valoriza\u00e7\u00e3o dos nossos presidentes de sindicatos. Fico feliz de perceber o quanto avan\u00e7amos e como os sindicatos est\u00e3o mudando, mas vamos fazer ainda mais\u201d, disse o presidente.<\/p>\n<p>&nbsp;<\/p>\n<p>O evento foi aberto com a presen\u00e7a do Diretor Geral do Senar, Daniel Carrara, do presidente do Sistema FAEG, Jos\u00e9 M\u00e1rio Schreiner, do vice-presidente da FAEG, Armando Rollemberg Filho e dos superintendentes do Senar de Goi\u00e1s, Dirceu Borges, do Tocantins, Rayley Luzza e da Faet, Fred Sodr\u00e9.<\/p>\n<p>&nbsp;<\/p>\n<p>Anfitri\u00e3o do evento, o presidente da FAEG deu boas vindas aos participantes e elogiou a iniciativa de realizar o encontro em Goi\u00e1s: \u201cparab\u00e9ns pela escolha desse ambiente, sobretudo essa regi\u00e3o onde a atividade sindical sempre foi forte e atuante\u201d, disse ele.<\/p>\n<p>&nbsp;<\/p>\n<p>Como parte da programa\u00e7\u00e3o, o diretor geral do Senar, fez um hist\u00f3rico do movimento sindical dos produtores rurais, sobretudo nas \u00faltimas d\u00e9cadas, onde o Sistema CNA passou a ser refer\u00eancia e ganhou respeito em todas as inst\u00e2ncias de poder.<\/p>\n<p>&nbsp;<\/p>\n<p>Ele destacou a import\u00e2ncia das lideran\u00e7as rurais para dar eco ao trabalho feito pela CNA na capital federal. \u201cN\u00e3o se trata de saudosismo, mas \u00e9 preciso mostrar o que foi feito e a grande oportunidade que os sindicatos tem mais m\u00e3os, porque os problemas se multiplicaram, a produ\u00e7\u00e3o est\u00e1 mais complexa e o sindicato rural preparado tem condi\u00e7\u00f5es de ser mais presente na vida do produtor\u201d<\/p>\n<p>&nbsp;<\/p>\n<p>O semin\u00e1rio segue at\u00e9 domingo com palestras, debates, visitas t\u00e9cnicas a propriedades rurais da regi\u00e3o e outras atividades.<\/p>\n","protected":false},"excerpt":{"rendered":"<p>O 9o. Semin\u00e1rio de Excel\u00eancia Sindical do Sistema Faet\/Senar teve in\u00edcio com uma solenidade de abertura no Tau\u00e1 Resort &amp; Convention, em Alex\u00e2nia, Goi\u00e1s. Para o presidente Paulo Carneiro, a iniciativa consolida um ano de avan\u00e7os no setor. &nbsp; \u201cEstamos fechando 2024 com mais um momento de capacita\u00e7\u00e3o e valoriza\u00e7\u00e3o dos nossos presidentes de sindicatos. [&hellip;]<\/p>\n","protected":false},"author":3,"featured_media":2736,"comment_status":"open","ping_status":"open","sticky":false,"template":"","format":"standard","meta":{"kia_subtitle":"","footnotes":""},"categories":[26],"tags":[],"class_list":["post-2735","post","type-post","status-publish","format-standard","has-post-thumbnail","hentry","category-noticia-principal"],"_links":{"self":[{"href":"https:\/\/sistemafaetsenar.org.br\/faet\/wp-json\/wp\/v2\/posts\/2735"}],"collection":[{"href":"https:\/\/sistemafaetsenar.org.br\/faet\/wp-json\/wp\/v2\/posts"}],"about":[{"href":"https:\/\/sistemafaetsenar.org.br\/faet\/wp-json\/wp\/v2\/types\/post"}],"author":[{"embeddable":true,"href":"https:\/\/sistemafaetsenar.org.br\/faet\/wp-json\/wp\/v2\/users\/3"}],"replies":[{"embeddable":true,"href":"https:\/\/sistemafaetsenar.org.br\/faet\/wp-json\/wp\/v2\/comments?post=2735"}],"version-history":[{"count":0,"href":"https:\/\/sistemafaetsenar.org.br\/faet\/wp-json\/wp\/v2\/posts\/2735\/revisions"}],"wp:featuredmedia":[{"embeddable":true,"href":"https:\/\/sistemafaetsenar.org.br\/faet\/wp-json\/wp\/v2\/media\/2736"}],"wp:attachment":[{"href":"https:\/\/sistemafaetsenar.org.br\/faet\/wp-json\/wp\/v2\/media?parent=2735"}],"wp:term":[{"taxonomy":"category","embeddable":true,"href":"https:\/\/sistemafaetsenar.org.br\/faet\/wp-json\/wp\/v2\/categories?post=2735"},{"taxonomy":"post_tag","embeddable":true,"href":"https:\/\/sistemafaetsenar.org.br\/faet\/wp-json\/wp\/v2\/tags?post=2735"}],"curies":[{"name":"wp","href":"https:\/\/api.w.org\/{rel}","templated":true}]}}