{"id":2731,"date":"2024-11-14T16:39:07","date_gmt":"2024-11-14T19:39:07","guid":{"rendered":"https:\/\/sistemafaetsenar.org.br\/faet\/?p=2731"},"modified":"2024-11-14T16:39:07","modified_gmt":"2024-11-14T19:39:07","slug":"faet-condena-decisao-do-ibama-que-pode-abalar-producao-do-agro-no-estado","status":"publish","type":"post","link":"https:\/\/sistemafaetsenar.org.br\/faet\/faet-condena-decisao-do-ibama-que-pode-abalar-producao-do-agro-no-estado\/","title":{"rendered":"FAET CONDENA DECIS\u00c3O DO IBAMA QUE PODE ABALAR PRODU\u00c7\u00c3O DO AGRO NO ESTADO"},"content":{"rendered":"<p>O presidente da FAET, Paulo Carneiro manifestou rep\u00fadio \u00e0 decis\u00e3o do Ibama que, por meio de Instru\u00e7\u00e3o Normativa, definiu que passar\u00e1 a exigir o Cadastro Ambiental Rural (CAR) j\u00e1 analisado e com o atesto de regularidade do \u00f3rg\u00e3o ambiental para emiss\u00e3o de autoriza\u00e7\u00f5es previstas em lei.<\/p>\n<p>&nbsp;<\/p>\n<p>Para o presidente, considerando que no Tocantins o ritmo de an\u00e1lise e conclus\u00e3o do CAR das propriedades rurais \u00e9 extremamente moroso, a decis\u00e3o pode prejudicar a vida de milhares de produtores rurais que poder\u00e3o ser impedidos de exercerem suas atividades no estado.<\/p>\n<p>&nbsp;<\/p>\n<p>A instru\u00e7\u00e3o normativa do Ibama alterou a legisla\u00e7\u00e3o que instituiu o Sistema Nacional de Controle da Origem dos Produtos Florestais \u2013 Sinaflor e est\u00e1 prevista para passar a vale em 90 dias, contados a partir do dia 8 de novembro deste ano, quando foi o ato foi assinado.<\/p>\n<p>&nbsp;<\/p>\n<p>MOBILIZA\u00c7\u00c3O<\/p>\n<p>Por conta dos riscos desta decis\u00e3o para o Tocantins, o presidente da FAET acionou o Governo do Tocantins e a bancada do estado no Congresso Nacional, com o intuito de buscar uma forma de suspender a decis\u00e3o e evitar que os produtores do estado sejam prejudicados.<\/p>\n<p>&nbsp;<\/p>\n<p>\u201cN\u00e3o podemos permitir que o produtor pague o pre\u00e7o de um problema que n\u00e3o \u00e9 dele. O setor produtivo que cuida de suas terras e cumpre as exig\u00eancias ambientais fez o seu papel de dar entrada no CAR\u201d, explicou o presidente. A FAET, segundo ele, vai buscar solu\u00e7\u00f5es para isso junto ao \u00f3rg\u00e3o ambiental.<\/p>\n<p>&nbsp;<\/p>\n<p>Em contato telef\u00f4nico com o presidente, o governador Wanderlei Barbosa, que est\u00e1 em S\u00e3o Paulo, garantiu que o governo vai apoiar o setor, mobilizando sua estrutura para encontrar solu\u00e7\u00f5es para o problema. Da mesma forma, a senadora Dorinha Seabra, coordenadora da bancada federal do estado no Congresso, se prontificou a tratar do assunto na esfera federal.<\/p>\n<p>&nbsp;<\/p>\n","protected":false},"excerpt":{"rendered":"<p>O presidente da FAET, Paulo Carneiro manifestou rep\u00fadio \u00e0 decis\u00e3o do Ibama que, por meio de Instru\u00e7\u00e3o Normativa, definiu que passar\u00e1 a exigir o Cadastro Ambiental Rural (CAR) j\u00e1 analisado e com o atesto de regularidade do \u00f3rg\u00e3o ambiental para emiss\u00e3o de autoriza\u00e7\u00f5es previstas em lei. &nbsp; Para o presidente, considerando que no Tocantins o [&hellip;]<\/p>\n","protected":false},"author":3,"featured_media":2732,"comment_status":"open","ping_status":"open","sticky":false,"template":"","format":"standard","meta":{"kia_subtitle":"","footnotes":""},"categories":[26],"tags":[],"class_list":["post-2731","post","type-post","status-publish","format-standard","has-post-thumbnail","hentry","category-noticia-principal"],"_links":{"self":[{"href":"https:\/\/sistemafaetsenar.org.br\/faet\/wp-json\/wp\/v2\/posts\/2731"}],"collection":[{"href":"https:\/\/sistemafaetsenar.org.br\/faet\/wp-json\/wp\/v2\/posts"}],"about":[{"href":"https:\/\/sistemafaetsenar.org.br\/faet\/wp-json\/wp\/v2\/types\/post"}],"author":[{"embeddable":true,"href":"https:\/\/sistemafaetsenar.org.br\/faet\/wp-json\/wp\/v2\/users\/3"}],"replies":[{"embeddable":true,"href":"https:\/\/sistemafaetsenar.org.br\/faet\/wp-json\/wp\/v2\/comments?post=2731"}],"version-history":[{"count":0,"href":"https:\/\/sistemafaetsenar.org.br\/faet\/wp-json\/wp\/v2\/posts\/2731\/revisions"}],"wp:featuredmedia":[{"embeddable":true,"href":"https:\/\/sistemafaetsenar.org.br\/faet\/wp-json\/wp\/v2\/media\/2732"}],"wp:attachment":[{"href":"https:\/\/sistemafaetsenar.org.br\/faet\/wp-json\/wp\/v2\/media?parent=2731"}],"wp:term":[{"taxonomy":"category","embeddable":true,"href":"https:\/\/sistemafaetsenar.org.br\/faet\/wp-json\/wp\/v2\/categories?post=2731"},{"taxonomy":"post_tag","embeddable":true,"href":"https:\/\/sistemafaetsenar.org.br\/faet\/wp-json\/wp\/v2\/tags?post=2731"}],"curies":[{"name":"wp","href":"https:\/\/api.w.org\/{rel}","templated":true}]}}