{"id":2722,"date":"2024-11-13T14:39:32","date_gmt":"2024-11-13T17:39:32","guid":{"rendered":"https:\/\/sistemafaetsenar.org.br\/faet\/?p=2722"},"modified":"2024-11-13T15:26:05","modified_gmt":"2024-11-13T18:26:05","slug":"faet-apresenta-resultados-e-novos-projetos-voltados-ao-fortalecimento-da-classe-rural","status":"publish","type":"post","link":"https:\/\/sistemafaetsenar.org.br\/faet\/faet-apresenta-resultados-e-novos-projetos-voltados-ao-fortalecimento-da-classe-rural\/","title":{"rendered":"Faet apresenta resultados e novos projetos voltados ao fortalecimento da classe rural"},"content":{"rendered":"<p>A Federa\u00e7\u00e3o da Agricultura e Pecu\u00e1ria do Tocantins \u2013 FAET, realizou reuni\u00e3o ordin\u00e1ria do Conselho de Representantes da entidade para contabilizar resultados de 2024 e discutir novos projetos. Tamb\u00e9m foi um momento de apresentar aos presidentes dos sindicatos rurais um panorama das principais demandas do setor na atualidade.<\/p>\n<p>&nbsp;<\/p>\n<p>Para o presidente Paulo Carneiro, a FAET nunca esteve t\u00e3o ativa, fortalecendo sua presen\u00e7a nas mais diversas inst\u00e2ncias, sempre defendendo os interesses dos produtores rurais tocantinenses.<\/p>\n<p>&nbsp;<\/p>\n<p>Ele citou como exemplo, a participa\u00e7\u00e3o marcante dos representantes da entidade nos conselhos ambientais do estado, onde pautas como o licenciamento ambiental, o andamento do Cadastro Ambiental Rural \u2013 CAR e o plano de manejo das \u00c1reas de Preserva\u00e7\u00e3o Ambiental (APAs) tem gerado muitos embates e discuss\u00f5es.<\/p>\n<p>&nbsp;<\/p>\n<p>\u201cA Federa\u00e7\u00e3o, j\u00e1 montou uma equipe espec\u00edfica pra isso e com o apoio da CNA vamos refor\u00e7ar nosso corpo t\u00e9cnico para fortalecer a defesa dos nossos interesses onde se fizer necess\u00e1rio\u201d, destacou.<\/p>\n<p>&nbsp;<\/p>\n<p>Na reuni\u00e3o do Conselho de Representantes da FAET, que re\u00fane os presidentes dos sindicatos rurais, tamb\u00e9m foi uma oportunidade de parabenizar os presidentes que foram reeleitos recentemente, como o F\u00e1tima, mas tamb\u00e9m dar boas vindas aos novos presidentes de sindicatos, como os de Natividade, Guara\u00ed, Dianopolis, Pedro Afonso, Arraias e Ponte Alta do Bom Jesus.<\/p>\n<p>&nbsp;<\/p>\n<p><strong>PAUTA E DEBATE<\/strong><\/p>\n<p>A reuni\u00e3o contou com uma apresenta\u00e7\u00e3o especial da superintend\u00eancia do Banco do Brasil, que apresentou solu\u00e7\u00f5es para os produtores rurais. Gustavo Silveira, Gerente de Neg\u00f3cios Agro e Andr\u00e9 Schelemmer, superintendente de Varejo Centro-Norte mostraram que o Tocantins est\u00e1 recebendo recursos para a safra 24\/25 superiores \u00e0 safra anterior gra\u00e7as ao aporte que o banco realizou.<\/p>\n<p>&nbsp;<\/p>\n<p>Os presidentes questionaram o banco sobre pol\u00edticas de juros, negocia\u00e7\u00e3o de d\u00edvidas e sobre seguro agr\u00edcola e elogiaram a disposi\u00e7\u00e3o da institui\u00e7\u00e3o de buscar uma forma de ampliar o di\u00e1logo com o setor. Para 2025, o Banco do Brasil prometeu tamb\u00e9m estar mais presente nos eventos do agro tocantinense.<\/p>\n<p>&nbsp;<\/p>\n<p>O superintendente da FAET, Fred Sodr\u00e9 apresentou um balan\u00e7o da institui\u00e7\u00e3o em 2024 e a previs\u00e3o or\u00e7ament\u00e1ria para 2025, que foram aprovados por unanimidade. Embora como todo o segmento rural a federa\u00e7\u00e3o tamb\u00e9m tenha sentido reflexos da quebra de safra em fun\u00e7\u00e3o dos problemas clim\u00e1ticos na safra 23\/24, os n\u00fameros apontam um equil\u00edbrio e certeza de que a FAET cumpre rigorosamente seus compromissos.<\/p>\n<p>&nbsp;<\/p>\n<p>A reuni\u00e3o tamb\u00e9m abriu espa\u00e7o para uma exposi\u00e7\u00e3o sobre a modelagem dos incentivos ao Carbono Florestal para o setor agropecu\u00e1rio como estrat\u00e9gia do Programa Jurisdicional de REDD+ do estado do Tocantins. As perspectivas acenam com oportunidades para o segmento rural.<\/p>\n<p>&nbsp;<\/p>\n<p>Na reuni\u00e3o tamb\u00e9m teve uma apresenta\u00e7\u00e3o de resultados do Projeto Capacita Sindicato, que qualificou presidentes de sindicatos e outros agentes rurais das entidades para prestarem um servi\u00e7o de melhor qualidade a seus associados. O programa deve ter sequ\u00eancia em 2025.<\/p>\n<p>&nbsp;<\/p>\n<p>O evento foi encerrado com uma visita ao Hospital do Amor em Palmas. O segmento rural tem sido um dos principais apoiadores da institui\u00e7\u00e3o, que \u00e9 refer\u00eancia no tratamento de c\u00e2ncer no Tocantins e no Brasil.<\/p>\n<p>&nbsp;<\/p>\n<p><img fetchpriority=\"high\" decoding=\"async\" class=\"alignnone wp-image-2724 size-large\" src=\"https:\/\/sistemafaetsenar.org.br\/faet\/wp-content\/uploads\/2024\/11\/WhatsApp-Image-2024-11-13-at-14.26.35-1024x603.jpeg\" alt=\"\" width=\"780\" height=\"459\" srcset=\"https:\/\/sistemafaetsenar.org.br\/faet\/wp-content\/uploads\/2024\/11\/WhatsApp-Image-2024-11-13-at-14.26.35-1024x603.jpeg 1024w, https:\/\/sistemafaetsenar.org.br\/faet\/wp-content\/uploads\/2024\/11\/WhatsApp-Image-2024-11-13-at-14.26.35-300x177.jpeg 300w, https:\/\/sistemafaetsenar.org.br\/faet\/wp-content\/uploads\/2024\/11\/WhatsApp-Image-2024-11-13-at-14.26.35.jpeg 1280w\" sizes=\"(max-width: 780px) 100vw, 780px\" \/> <img decoding=\"async\" class=\"alignnone wp-image-2725 size-large\" src=\"https:\/\/sistemafaetsenar.org.br\/faet\/wp-content\/uploads\/2024\/11\/WhatsApp-Image-2024-11-13-at-14.25.57-1024x770.jpeg\" alt=\"\" width=\"780\" height=\"587\" srcset=\"https:\/\/sistemafaetsenar.org.br\/faet\/wp-content\/uploads\/2024\/11\/WhatsApp-Image-2024-11-13-at-14.25.57-1024x770.jpeg 1024w, https:\/\/sistemafaetsenar.org.br\/faet\/wp-content\/uploads\/2024\/11\/WhatsApp-Image-2024-11-13-at-14.25.57-300x226.jpeg 300w\" sizes=\"(max-width: 780px) 100vw, 780px\" \/> <img decoding=\"async\" class=\"alignnone wp-image-2726 size-large\" src=\"https:\/\/sistemafaetsenar.org.br\/faet\/wp-content\/uploads\/2024\/11\/WhatsApp-Image-2024-11-13-at-14.25.56-1-1024x576.jpeg\" alt=\"\" width=\"780\" height=\"439\" srcset=\"https:\/\/sistemafaetsenar.org.br\/faet\/wp-content\/uploads\/2024\/11\/WhatsApp-Image-2024-11-13-at-14.25.56-1-1024x576.jpeg 1024w, https:\/\/sistemafaetsenar.org.br\/faet\/wp-content\/uploads\/2024\/11\/WhatsApp-Image-2024-11-13-at-14.25.56-1-300x169.jpeg 300w\" sizes=\"(max-width: 780px) 100vw, 780px\" \/> <img loading=\"lazy\" decoding=\"async\" class=\"alignnone wp-image-2727 size-large\" src=\"https:\/\/sistemafaetsenar.org.br\/faet\/wp-content\/uploads\/2024\/11\/WhatsApp-Image-2024-11-13-at-14.25.55-1024x578.jpeg\" alt=\"\" width=\"780\" height=\"440\" srcset=\"https:\/\/sistemafaetsenar.org.br\/faet\/wp-content\/uploads\/2024\/11\/WhatsApp-Image-2024-11-13-at-14.25.55-1024x578.jpeg 1024w, https:\/\/sistemafaetsenar.org.br\/faet\/wp-content\/uploads\/2024\/11\/WhatsApp-Image-2024-11-13-at-14.25.55-300x169.jpeg 300w\" sizes=\"(max-width: 780px) 100vw, 780px\" \/><\/p>\n","protected":false},"excerpt":{"rendered":"<p>A Federa\u00e7\u00e3o da Agricultura e Pecu\u00e1ria do Tocantins \u2013 FAET, realizou reuni\u00e3o ordin\u00e1ria do Conselho de Representantes da entidade para contabilizar resultados de 2024 e discutir novos projetos. Tamb\u00e9m foi um momento de apresentar aos presidentes dos sindicatos rurais um panorama das principais demandas do setor na atualidade. &nbsp; Para o presidente Paulo Carneiro, a [&hellip;]<\/p>\n","protected":false},"author":3,"featured_media":2723,"comment_status":"open","ping_status":"open","sticky":false,"template":"","format":"standard","meta":{"kia_subtitle":"","footnotes":""},"categories":[26],"tags":[],"class_list":["post-2722","post","type-post","status-publish","format-standard","has-post-thumbnail","hentry","category-noticia-principal"],"_links":{"self":[{"href":"https:\/\/sistemafaetsenar.org.br\/faet\/wp-json\/wp\/v2\/posts\/2722"}],"collection":[{"href":"https:\/\/sistemafaetsenar.org.br\/faet\/wp-json\/wp\/v2\/posts"}],"about":[{"href":"https:\/\/sistemafaetsenar.org.br\/faet\/wp-json\/wp\/v2\/types\/post"}],"author":[{"embeddable":true,"href":"https:\/\/sistemafaetsenar.org.br\/faet\/wp-json\/wp\/v2\/users\/3"}],"replies":[{"embeddable":true,"href":"https:\/\/sistemafaetsenar.org.br\/faet\/wp-json\/wp\/v2\/comments?post=2722"}],"version-history":[{"count":0,"href":"https:\/\/sistemafaetsenar.org.br\/faet\/wp-json\/wp\/v2\/posts\/2722\/revisions"}],"wp:featuredmedia":[{"embeddable":true,"href":"https:\/\/sistemafaetsenar.org.br\/faet\/wp-json\/wp\/v2\/media\/2723"}],"wp:attachment":[{"href":"https:\/\/sistemafaetsenar.org.br\/faet\/wp-json\/wp\/v2\/media?parent=2722"}],"wp:term":[{"taxonomy":"category","embeddable":true,"href":"https:\/\/sistemafaetsenar.org.br\/faet\/wp-json\/wp\/v2\/categories?post=2722"},{"taxonomy":"post_tag","embeddable":true,"href":"https:\/\/sistemafaetsenar.org.br\/faet\/wp-json\/wp\/v2\/tags?post=2722"}],"curies":[{"name":"wp","href":"https:\/\/api.w.org\/{rel}","templated":true}]}}