{"id":2680,"date":"2024-07-30T18:09:09","date_gmt":"2024-07-30T21:09:09","guid":{"rendered":"https:\/\/sistemafaetsenar.org.br\/faet\/?p=2680"},"modified":"2024-09-30T18:12:14","modified_gmt":"2024-09-30T21:12:14","slug":"agroforte-em-marianopolis","status":"publish","type":"post","link":"https:\/\/sistemafaetsenar.org.br\/faet\/agroforte-em-marianopolis\/","title":{"rendered":"AgroForte em Marianopolis"},"content":{"rendered":"<p>O Sistema FAET Senar e o Sindicato Rural realizaram a primeira edi\u00e7\u00e3o do AGROFORTE em Marian\u00f3polis. O projeto colocou em discuss\u00e3o os principais assuntos que interessam o setor rural da regi\u00e3o. Sucess\u00e3o familiar, meio ambiente, sustentabilidade, mercado de carbono, regulariza\u00e7\u00e3o fundi\u00e1ria e atua\u00e7\u00e3o da mulher no agroneg\u00f3cio. Esses foram os temas principais tratados durante o evento.<\/p>\n<p>O AgroForte \u00e9 uma iniciativa do Sistema FAET\/Senar e Sindicatos Rurais, com o apoio do Minist\u00e9rio da Agricultura e Pecu\u00e1ria (MAPA) e Governo Federal. O evento tamb\u00e9m conta com a parceria do Sebrae e do Governo do Tocantins, por meio da Secretaria de Ind\u00fastria, Com\u00e9rcio e Servi\u00e7os.<\/p>\n<p>&nbsp;<\/p>\n<p>&nbsp;<\/p>\n","protected":false},"excerpt":{"rendered":"<p>O Sistema FAET Senar e o Sindicato Rural realizaram a primeira edi\u00e7\u00e3o do AGROFORTE em Marian\u00f3polis. O projeto colocou em discuss\u00e3o os principais assuntos que interessam o setor rural da regi\u00e3o. Sucess\u00e3o familiar, meio ambiente, sustentabilidade, mercado de carbono, regulariza\u00e7\u00e3o fundi\u00e1ria e atua\u00e7\u00e3o da mulher no agroneg\u00f3cio. Esses foram os temas principais tratados durante o [&hellip;]<\/p>\n","protected":false},"author":3,"featured_media":2681,"comment_status":"open","ping_status":"open","sticky":false,"template":"","format":"standard","meta":{"kia_subtitle":"","footnotes":""},"categories":[1],"tags":[],"class_list":["post-2680","post","type-post","status-publish","format-standard","has-post-thumbnail","hentry","category-blog"],"_links":{"self":[{"href":"https:\/\/sistemafaetsenar.org.br\/faet\/wp-json\/wp\/v2\/posts\/2680"}],"collection":[{"href":"https:\/\/sistemafaetsenar.org.br\/faet\/wp-json\/wp\/v2\/posts"}],"about":[{"href":"https:\/\/sistemafaetsenar.org.br\/faet\/wp-json\/wp\/v2\/types\/post"}],"author":[{"embeddable":true,"href":"https:\/\/sistemafaetsenar.org.br\/faet\/wp-json\/wp\/v2\/users\/3"}],"replies":[{"embeddable":true,"href":"https:\/\/sistemafaetsenar.org.br\/faet\/wp-json\/wp\/v2\/comments?post=2680"}],"version-history":[{"count":0,"href":"https:\/\/sistemafaetsenar.org.br\/faet\/wp-json\/wp\/v2\/posts\/2680\/revisions"}],"wp:featuredmedia":[{"embeddable":true,"href":"https:\/\/sistemafaetsenar.org.br\/faet\/wp-json\/wp\/v2\/media\/2681"}],"wp:attachment":[{"href":"https:\/\/sistemafaetsenar.org.br\/faet\/wp-json\/wp\/v2\/media?parent=2680"}],"wp:term":[{"taxonomy":"category","embeddable":true,"href":"https:\/\/sistemafaetsenar.org.br\/faet\/wp-json\/wp\/v2\/categories?post=2680"},{"taxonomy":"post_tag","embeddable":true,"href":"https:\/\/sistemafaetsenar.org.br\/faet\/wp-json\/wp\/v2\/tags?post=2680"}],"curies":[{"name":"wp","href":"https:\/\/api.w.org\/{rel}","templated":true}]}}