{"id":2636,"date":"2024-09-02T11:43:57","date_gmt":"2024-09-02T14:43:57","guid":{"rendered":"https:\/\/sistemafaetsenar.org.br\/faet\/?p=2636"},"modified":"2024-09-16T15:59:45","modified_gmt":"2024-09-16T18:59:45","slug":"em-reuniao-do-comite-do-fogo-faet-destaca-danos-a-producao-no-campo-com-as-queimadas","status":"publish","type":"post","link":"https:\/\/sistemafaetsenar.org.br\/faet\/em-reuniao-do-comite-do-fogo-faet-destaca-danos-a-producao-no-campo-com-as-queimadas\/","title":{"rendered":"Em reuni\u00e3o do comit\u00ea do fogo FAET detaca danos \u00e0 produ\u00e7\u00e3o no campo com as queimadas"},"content":{"rendered":"<p>O presidente do Sistema FAET\/Senar, Paulo Carneiro participou da reuni\u00e3o do Comit\u00ea de Crise de Combate \u00e0s Queimadas no Estado, o Comit\u00ea do Fogo. Na ocasi\u00e3o, ele destacou a import\u00e2ncia do enfrentamento a esse problema que tem causado muitos danos aos produtores rurais em fun\u00e7\u00e3o da destrui\u00e7\u00e3o tanto de \u00e1reas de pastagens como de cultura e at\u00e9 mesmo de \u00e1reas de preserva\u00e7\u00e3o permanente.<\/p>\n<p>&nbsp;<\/p>\n<p>\u201cO Senar j\u00e1 formou mais de 300 brigadistas em seus cursos e podemos contribuir com a forma\u00e7\u00e3o de mais profissionais tanto nas fazendas como nos munic\u00edpios. O produtor \u00e9 mais interessado em cuidar para que o fogo n\u00e3o chegue em nossas propriedades\u201d, disse o presidente.<\/p>\n<p>&nbsp;<\/p>\n<p>Comandada pelo governador Wanderlei Barbosa, a reuni\u00e3o contou com a presen\u00e7a dos comandantes das \u00e1reas militares, da Defesa Civil, das secretarias de Meio Ambiente, Agricultura entre outras e entidades do setor privado, como a FAET.<\/p>\n<p>&nbsp;<\/p>\n<p>Na ocasi\u00e3o, o governador anunciou a contrata\u00e7\u00e3o de novos brigadistas para enfrentar os crescentes focos de inc\u00eandio no Tocantins. Foram mais de 8 mil inc\u00eandios j\u00e1 registrados no estado. \u201cEstamos enfrentando uma situa\u00e7\u00e3o cr\u00edtica, impulsionada por condi\u00e7\u00f5es clim\u00e1ticas adversas e atividades humanas. A contrata\u00e7\u00e3o de mais brigadas \u00e9 crucial para lidar com essa urg\u00eancia\u201d, explicou Wanderlei Barbosa.<\/p>\n<p>&nbsp;<\/p>\n<p>O comit\u00ea se reuniu de portas fechadas, mas o governo do Tocantins enfatizou que a inten\u00e7\u00e3o foi concentrar no trabalho de planejamento de a\u00e7\u00f5es imediatas e a aloca\u00e7\u00e3o de recursos para o combate e a preven\u00e7\u00e3o de inc\u00eandios no estado, com o objetivo de promover uma abordagem mais forte e coordenada para a prote\u00e7\u00e3o do meio ambiente e da sa\u00fade p\u00fablica no Tocantins.<\/p>\n<p>&nbsp;<\/p>\n","protected":false},"excerpt":{"rendered":"<p>O presidente do Sistema FAET\/Senar, Paulo Carneiro participou da reuni\u00e3o do Comit\u00ea de Crise de Combate \u00e0s Queimadas no Estado, o Comit\u00ea do Fogo. Na ocasi\u00e3o, ele destacou a import\u00e2ncia do enfrentamento a esse problema que tem causado muitos danos aos produtores rurais em fun\u00e7\u00e3o da destrui\u00e7\u00e3o tanto de \u00e1reas de pastagens como de cultura [&hellip;]<\/p>\n","protected":false},"author":4,"featured_media":2637,"comment_status":"open","ping_status":"open","sticky":false,"template":"","format":"standard","meta":{"kia_subtitle":"","footnotes":""},"categories":[26],"tags":[],"class_list":["post-2636","post","type-post","status-publish","format-standard","has-post-thumbnail","hentry","category-noticia-principal"],"_links":{"self":[{"href":"https:\/\/sistemafaetsenar.org.br\/faet\/wp-json\/wp\/v2\/posts\/2636"}],"collection":[{"href":"https:\/\/sistemafaetsenar.org.br\/faet\/wp-json\/wp\/v2\/posts"}],"about":[{"href":"https:\/\/sistemafaetsenar.org.br\/faet\/wp-json\/wp\/v2\/types\/post"}],"author":[{"embeddable":true,"href":"https:\/\/sistemafaetsenar.org.br\/faet\/wp-json\/wp\/v2\/users\/4"}],"replies":[{"embeddable":true,"href":"https:\/\/sistemafaetsenar.org.br\/faet\/wp-json\/wp\/v2\/comments?post=2636"}],"version-history":[{"count":0,"href":"https:\/\/sistemafaetsenar.org.br\/faet\/wp-json\/wp\/v2\/posts\/2636\/revisions"}],"wp:featuredmedia":[{"embeddable":true,"href":"https:\/\/sistemafaetsenar.org.br\/faet\/wp-json\/wp\/v2\/media\/2637"}],"wp:attachment":[{"href":"https:\/\/sistemafaetsenar.org.br\/faet\/wp-json\/wp\/v2\/media?parent=2636"}],"wp:term":[{"taxonomy":"category","embeddable":true,"href":"https:\/\/sistemafaetsenar.org.br\/faet\/wp-json\/wp\/v2\/categories?post=2636"},{"taxonomy":"post_tag","embeddable":true,"href":"https:\/\/sistemafaetsenar.org.br\/faet\/wp-json\/wp\/v2\/tags?post=2636"}],"curies":[{"name":"wp","href":"https:\/\/api.w.org\/{rel}","templated":true}]}}