{"id":2521,"date":"2024-08-05T11:30:12","date_gmt":"2024-08-05T14:30:12","guid":{"rendered":"https:\/\/sistemafaetsenar.org.br\/faet\/?p=2521"},"modified":"2024-08-05T11:30:12","modified_gmt":"2024-08-05T14:30:12","slug":"faet-celebra-efetivacao-do-centro-de-inteligencia-do-meio-ambiente","status":"publish","type":"post","link":"https:\/\/sistemafaetsenar.org.br\/faet\/faet-celebra-efetivacao-do-centro-de-inteligencia-do-meio-ambiente\/","title":{"rendered":"FAET CELEBRA EFETIVA\u00c7\u00c3O DO CENTRO DE INTELIG\u00caNCIA DO MEIO AMBIENTE"},"content":{"rendered":"<p>Para o presidente do Sistema FAET\/Senar, Paulo Carneiro o CIGMA \u2013 Centro de Intelig\u00eancia Geogr\u00e1fica em Gest\u00e3o do Meio Ambiente \u201crepresenta um grande avan\u00e7o para o estado e a qualidade das informa\u00e7\u00f5es disponibilizadas tamb\u00e9m ser\u00e3o valiosas para o produtor rural\u201d.<\/p>\n<p>O presidente esteve presente no ato de assinatura do acordo de parceria para pesquisa, desenvolvimento e inova\u00e7\u00e3o entre a Secretaria de Meio Ambiente \u2013 Semarh e a Universidade Federal do Tocantins \u2013 UFT para a operacionaliza\u00e7\u00e3o do CIGMA, que possibilitar\u00e1 maior efic\u00e1cia na gera\u00e7\u00e3o de dados para subsidiar as a\u00e7\u00f5es de gest\u00e3o ambiental no estado.<\/p>\n<p><strong>CIGMA<\/strong><\/p>\n<p>O Cigma\u00a0foi criado em 2014, mas efetivamente s\u00f3 agora est\u00e1 sendo operacionalizado por conta de recursos advindos do Fundo da Amaz\u00f4nia e do programa de redu\u00e7\u00e3o da emiss\u00e3o de gases do efeito estufa (REED Jurisdicional do Tocantins).<\/p>\n<p>\u201cEsta central de intelig\u00eancia que est\u00e1 aqui na Semarh \u00e9 do Governo do Tocantins, de todos os \u00f3rg\u00e3os, incluindo Ibama, Minist\u00e9rio P\u00fablico estadual, federal, Tribunal de Contas, dos \u00f3rg\u00e3os ambientais, do Agro, para que tenhamos informa\u00e7\u00f5es e possamos tomar decis\u00f5es acertadas\u201d, afirmou o secret\u00e1rio Marcello Lelis.<\/p>\n<p>As informa\u00e7\u00f5es ser\u00e3o importantes para o combate ao desmatamento ilegal, controle de queimadas, para agilizar o processo do Cadastro Ambiental Rural (CAR), monitorar secas e res\u00edduos s\u00f3lidos entre outros.<br \/>\nO reitor da UFT disse que a universidade se coloca \u00e0 disposi\u00e7\u00e3o n\u00e3o s\u00f3 para colaborar com o desenvolvimento das diferentes solu\u00e7\u00f5es, mas tamb\u00e9m com o programa de forma\u00e7\u00e3o continuada, o que pode contribuir com a qualifica\u00e7\u00e3o dos t\u00e9cnicos que atuam com a pol\u00edtica ambiental no estado.<\/p>\n<p>\u201cA UFT tem a compet\u00eancia t\u00e9cnica e a expertise e me sinto honrado de poder contribuir com este projeto\u201d, afirmou.<\/p>\n","protected":false},"excerpt":{"rendered":"<p>Para o presidente do Sistema FAET\/Senar, Paulo Carneiro o CIGMA \u2013 Centro de Intelig\u00eancia Geogr\u00e1fica em Gest\u00e3o do Meio Ambiente \u201crepresenta um grande avan\u00e7o para o estado e a qualidade das informa\u00e7\u00f5es disponibilizadas tamb\u00e9m ser\u00e3o valiosas para o produtor rural\u201d. O presidente esteve presente no ato de assinatura do acordo de parceria para pesquisa, desenvolvimento [&hellip;]<\/p>\n","protected":false},"author":3,"featured_media":2522,"comment_status":"open","ping_status":"open","sticky":false,"template":"","format":"standard","meta":{"kia_subtitle":"","footnotes":""},"categories":[26],"tags":[],"class_list":["post-2521","post","type-post","status-publish","format-standard","has-post-thumbnail","hentry","category-noticia-principal"],"_links":{"self":[{"href":"https:\/\/sistemafaetsenar.org.br\/faet\/wp-json\/wp\/v2\/posts\/2521"}],"collection":[{"href":"https:\/\/sistemafaetsenar.org.br\/faet\/wp-json\/wp\/v2\/posts"}],"about":[{"href":"https:\/\/sistemafaetsenar.org.br\/faet\/wp-json\/wp\/v2\/types\/post"}],"author":[{"embeddable":true,"href":"https:\/\/sistemafaetsenar.org.br\/faet\/wp-json\/wp\/v2\/users\/3"}],"replies":[{"embeddable":true,"href":"https:\/\/sistemafaetsenar.org.br\/faet\/wp-json\/wp\/v2\/comments?post=2521"}],"version-history":[{"count":0,"href":"https:\/\/sistemafaetsenar.org.br\/faet\/wp-json\/wp\/v2\/posts\/2521\/revisions"}],"wp:featuredmedia":[{"embeddable":true,"href":"https:\/\/sistemafaetsenar.org.br\/faet\/wp-json\/wp\/v2\/media\/2522"}],"wp:attachment":[{"href":"https:\/\/sistemafaetsenar.org.br\/faet\/wp-json\/wp\/v2\/media?parent=2521"}],"wp:term":[{"taxonomy":"category","embeddable":true,"href":"https:\/\/sistemafaetsenar.org.br\/faet\/wp-json\/wp\/v2\/categories?post=2521"},{"taxonomy":"post_tag","embeddable":true,"href":"https:\/\/sistemafaetsenar.org.br\/faet\/wp-json\/wp\/v2\/tags?post=2521"}],"curies":[{"name":"wp","href":"https:\/\/api.w.org\/{rel}","templated":true}]}}