{"id":2354,"date":"2024-07-29T17:34:17","date_gmt":"2024-07-29T20:34:17","guid":{"rendered":"https:\/\/sistemafaetsenar.org.br\/faet\/?p=2354"},"modified":"2024-08-05T15:27:59","modified_gmt":"2024-08-05T18:27:59","slug":"missao-tecnica-do-sistema-faet-senar-conheceu-praticas-de-sucesso-em-mato-grosso-do-sul","status":"publish","type":"post","link":"https:\/\/sistemafaetsenar.org.br\/faet\/missao-tecnica-do-sistema-faet-senar-conheceu-praticas-de-sucesso-em-mato-grosso-do-sul\/","title":{"rendered":"Miss\u00e3o T\u00e9cnica do Sistema Faet\/Senar conheceu pr\u00e1ticas de sucesso em Mato Grosso do Sul"},"content":{"rendered":"<p><img fetchpriority=\"high\" decoding=\"async\" class=\"alignnone wp-image-2400\" src=\"https:\/\/sistemafaetsenar.org.br\/faet\/wp-content\/uploads\/2024\/07\/FAMASUL-7-300x169.jpg\" alt=\"\" width=\"854\" height=\"481\" srcset=\"https:\/\/sistemafaetsenar.org.br\/faet\/wp-content\/uploads\/2024\/07\/FAMASUL-7-300x169.jpg 300w, https:\/\/sistemafaetsenar.org.br\/faet\/wp-content\/uploads\/2024\/07\/FAMASUL-7-1024x576.jpg 1024w\" sizes=\"(max-width: 854px) 100vw, 854px\" \/><\/p>\n<p>&nbsp;<\/p>\n<p>Como parte do programa \u201cCapacita Sindicato Rural\u201d, que qualifica l\u00edderes rurais, a comitiva tocantinense conheceu a estrutura da Federa\u00e7\u00e3o da Agricultura e Pecu\u00e1ria de Mato Grosso do Sul, Famasul, visitou a Embrapa Gado de Corte e o Centro de Excel\u00eancia do Senar em Gado de Corte.<\/p>\n<p>Composta por 33 pessoas, entre presidentes e diretores de sindicatos rurais, t\u00e9cnicos e colaboradores do Sistema Faet\/Senar, a miss\u00e3o visitou as instala\u00e7\u00f5es da Famasul e acompanhou uma apresenta\u00e7\u00e3o sobre o trabalho realizado pela entidade no estado.<\/p>\n<p>&nbsp;<\/p>\n<p>A Famasul re\u00fane hoje 69 sindicatos rurais e atua com foco no desenvolvimento sustent\u00e1vel do agroneg\u00f3cio. Segundo o presidente do sistema em Mato Grosso do Sul, Marcelo Bertoni, a miss\u00e3o permite aos integrantes \u201cconhecer pr\u00e1ticas de outros estados e verificar o que ele pode aplicar no dia a dia do seu trabalho no Tocantins\u201d.<\/p>\n<p>Para o superintendente do Senar-MS, Lucas Galvan, a miss\u00e3o tamb\u00e9m \u00e9 uma oportunidade de trocar experi\u00eancias, sobretudo porque \u201cos dois estados tem muita similaridade, s\u00e3o novos e com potencial agr\u00edcola e pecu\u00e1rio muito grande\u201d.<\/p>\n<p>&nbsp;<\/p>\n<p>J\u00e1 o presidente do Sistema Faet, Paulo Carneiro destacou que a miss\u00e3o busca conhecimentos: \u201cviemos aqui pra aprender, ver o que a federa\u00e7\u00e3o e os sindicatos fazem e o que podemos levar de experi\u00eancia e boas pr\u00e1ticas pra ser aplicado no nosso estado\u201d, afirmou.<\/p>\n<p>&nbsp;<\/p>\n<p>&nbsp;<\/p>\n<p><strong>VISITAS<\/strong><\/p>\n<p>Na sede da Famasul foi apresentado o modelo de governan\u00e7a do Sistema e um programa de fortalecimento dos Sindicatos Rurais, voltado para a melhoria do atendimento aos produtores rurais.<\/p>\n<p>&nbsp;<\/p>\n<p>No Centro de Excel\u00eancia em Bovinocultura e na Embrapa de Gado de Corte, tamb\u00e9m em Campo Grande, a miss\u00e3o visitou laborat\u00f3rios, campos de pesquisa e estrutura para a forma\u00e7\u00e3o e capacita\u00e7\u00e3o de profissionais tanto em n\u00edvel m\u00e9dico como superior.<\/p>\n<p>&nbsp;<\/p>\n<p>O espa\u00e7o foca em cadeias como de fruticultura, piscicultura e horticultura para aprendizagem sobre mecaniza\u00e7\u00e3o e implementos agr\u00edcolas, t\u00e9cnicas de preparo do solo, plantio, aduba\u00e7\u00e3o, irriga\u00e7\u00e3o, manejo de pastagem e reprodu\u00e7\u00e3o vegetal.<\/p>\n<p>&nbsp;<\/p>\n<p>Para Rog\u00e9rio Moraes, presidente do SR de Para\u00edso, \u201cconhecemos a\u00e7\u00f5es para atender melhor os nossos pedit\u00f3rios e tamb\u00e9m trazer renda para os nossos sindicatos\u201d. Para Gilv\u00e2nia Barros, do SR de Alian\u00e7a, \u201cos conhecimentos v\u00e3o permitir mudar estrat\u00e9gias de trabalho dentro nossos sindicatos\u201d.<\/p>\n<p>\u201cTemos que levar esses conhecimentos pra norte e sul do nosso estado\u201d, ressaltou Ant\u00f4nio Jorge, presidente do SR de Palmas. \u201cTodos n\u00f3s estamos maravilhados com o que vimos\u201d, disse Ozenira Marques Caldeira, presidente do SR de Duer\u00e9.<\/p>\n<p>&nbsp;<\/p>\n<p><img decoding=\"async\" class=\"alignnone wp-image-2402\" src=\"https:\/\/sistemafaetsenar.org.br\/faet\/wp-content\/uploads\/2024\/07\/CENTRO-DE-BOVINOCULTURA-DE-CORTE-3-2-300x169.jpg\" alt=\"\" width=\"866\" height=\"488\" srcset=\"https:\/\/sistemafaetsenar.org.br\/faet\/wp-content\/uploads\/2024\/07\/CENTRO-DE-BOVINOCULTURA-DE-CORTE-3-2-300x169.jpg 300w, https:\/\/sistemafaetsenar.org.br\/faet\/wp-content\/uploads\/2024\/07\/CENTRO-DE-BOVINOCULTURA-DE-CORTE-3-2-1024x576.jpg 1024w\" sizes=\"(max-width: 866px) 100vw, 866px\" \/><\/p>\n<p>&nbsp;<\/p>\n<p>&nbsp;<\/p>\n<p><strong>CAMAPU\u00c3<\/strong><\/p>\n<p>Outra parada da miss\u00e3o t\u00e9cnica tocantinense foi no Sindicato Rural de Camapu\u00e3, munic\u00edpio que fica a cerca de 140 km de Campo Grande e \u00e9 refer\u00eancia na produ\u00e7\u00e3o de bezerros.<\/p>\n<p>&nbsp;<\/p>\n<p>O presidente do SR de Camapu\u00e3, Ant\u00f4nio Silveira, destacou a a\u00e7\u00e3o da entidade para atrair, manter e satisfazer os produtores rurais que se filiam ao sindicato. \u201cTemos que ter receita, prestar um bom servi\u00e7o e deixar o produtor satisfeito\u201d, destacou.<\/p>\n<p>&nbsp;<\/p>\n<p>\u201cO trabalho de contabilidade e de aux\u00edlio ao produtor com o imposto de renda s\u00e3o exemplos de a\u00e7\u00f5es que podemos ir pensando junto com a Federa\u00e7\u00e3o em levar aos nossos associados\u201d, afirmou Francisco Tozzatti, presidente do SR de Dois Irm\u00e3os.<\/p>\n<p>&nbsp;<\/p>\n<p>Para Sandra Carneiro, do SR de Almas, \u201cagora \u00e9 voltar pra casa com experi\u00eancia, conhecimento e vontade pra colocar a m\u00e3o na massa e crescer\u201d. Para Jackson Sousa, do SR de Cristal\u00e2ndia \u201cfoi uma experi\u00eancia fant\u00e1stica e todos voltam com uma grande bagagem pra seus munic\u00edpios\u201d.<\/p>\n<p>&nbsp;<\/p>\n<p>&nbsp;<\/p>\n<p><img decoding=\"async\" class=\"alignnone wp-image-2387\" src=\"https:\/\/sistemafaetsenar.org.br\/faet\/wp-content\/uploads\/2024\/07\/CAMAPUA-1-1-300x169.jpg\" alt=\"\" width=\"1193\" height=\"672\" srcset=\"https:\/\/sistemafaetsenar.org.br\/faet\/wp-content\/uploads\/2024\/07\/CAMAPUA-1-1-300x169.jpg 300w, https:\/\/sistemafaetsenar.org.br\/faet\/wp-content\/uploads\/2024\/07\/CAMAPUA-1-1-1024x576.jpg 1024w\" sizes=\"(max-width: 1193px) 100vw, 1193px\" \/><\/p>\n","protected":false},"excerpt":{"rendered":"<p>&nbsp; Como parte do programa \u201cCapacita Sindicato Rural\u201d, que qualifica l\u00edderes rurais, a comitiva tocantinense conheceu a estrutura da Federa\u00e7\u00e3o da Agricultura e Pecu\u00e1ria de Mato Grosso do Sul, Famasul, visitou a Embrapa Gado de Corte e o Centro de Excel\u00eancia do Senar em Gado de Corte. Composta por 33 pessoas, entre presidentes e diretores [&hellip;]<\/p>\n","protected":false},"author":7,"featured_media":2527,"comment_status":"open","ping_status":"open","sticky":false,"template":"","format":"standard","meta":{"kia_subtitle":"","footnotes":""},"categories":[26],"tags":[],"class_list":["post-2354","post","type-post","status-publish","format-standard","has-post-thumbnail","hentry","category-noticia-principal"],"_links":{"self":[{"href":"https:\/\/sistemafaetsenar.org.br\/faet\/wp-json\/wp\/v2\/posts\/2354"}],"collection":[{"href":"https:\/\/sistemafaetsenar.org.br\/faet\/wp-json\/wp\/v2\/posts"}],"about":[{"href":"https:\/\/sistemafaetsenar.org.br\/faet\/wp-json\/wp\/v2\/types\/post"}],"author":[{"embeddable":true,"href":"https:\/\/sistemafaetsenar.org.br\/faet\/wp-json\/wp\/v2\/users\/7"}],"replies":[{"embeddable":true,"href":"https:\/\/sistemafaetsenar.org.br\/faet\/wp-json\/wp\/v2\/comments?post=2354"}],"version-history":[{"count":0,"href":"https:\/\/sistemafaetsenar.org.br\/faet\/wp-json\/wp\/v2\/posts\/2354\/revisions"}],"wp:featuredmedia":[{"embeddable":true,"href":"https:\/\/sistemafaetsenar.org.br\/faet\/wp-json\/wp\/v2\/media\/2527"}],"wp:attachment":[{"href":"https:\/\/sistemafaetsenar.org.br\/faet\/wp-json\/wp\/v2\/media?parent=2354"}],"wp:term":[{"taxonomy":"category","embeddable":true,"href":"https:\/\/sistemafaetsenar.org.br\/faet\/wp-json\/wp\/v2\/categories?post=2354"},{"taxonomy":"post_tag","embeddable":true,"href":"https:\/\/sistemafaetsenar.org.br\/faet\/wp-json\/wp\/v2\/tags?post=2354"}],"curies":[{"name":"wp","href":"https:\/\/api.w.org\/{rel}","templated":true}]}}