{"id":2348,"date":"2024-07-23T17:52:11","date_gmt":"2024-07-23T20:52:11","guid":{"rendered":"https:\/\/sistemafaetsenar.org.br\/faet\/?p=2348"},"modified":"2024-08-05T15:26:37","modified_gmt":"2024-08-05T18:26:37","slug":"faet-e-semarh-discutem-regularizacao-de-areas-desmatadas","status":"publish","type":"post","link":"https:\/\/sistemafaetsenar.org.br\/faet\/faet-e-semarh-discutem-regularizacao-de-areas-desmatadas\/","title":{"rendered":"FAET e Semarh discutem regulariza\u00e7\u00e3o de \u00e1reas desmatadas"},"content":{"rendered":"<p>A Federa\u00e7\u00e3o de Agricultura e Pecu\u00e1ria do Estado do Tocantins &#8211; FAET vai auxiliar os produtores rurais a regularizarem as propriedades rurais onde ocorreram desmatamentos que s\u00e3o alvo de questionamento dos \u00f3rg\u00e3os ambientais.<\/p>\n<p>&nbsp;<\/p>\n<p>\u201cQueremos que o produtor rural tenha a oportunidade de apresentar a sua documenta\u00e7\u00e3o e evitar qualquer tipo de puni\u00e7\u00e3o que prejudique sua atividade rural\u201d, destacou Paulo Carneiro, presidente do sistema FAET\/Senar.<\/p>\n<p>&nbsp;<\/p>\n<p>O presidente e a assessoria t\u00e9cnica da Federa\u00e7\u00e3o se reuniram com o Secret\u00e1rio Estadual de Meio Ambiente e Recursos H\u00eddricos, Marcelo L\u00e9lis, que informou na reuni\u00e3o que a pasta foi notificada pelo Minist\u00e9rio do Meio Ambiente por identificar 6 mil alertas de desmatamento no Tocantins.<\/p>\n<p>&nbsp;<\/p>\n<p>Conforme a Semarh, o Naturatins j\u00e1 avaliou os dados e em levantamento constatou que v\u00e1rios alertas ocorreram mais de uma vez numa mesma propriedade e que, por isso, o n\u00famero de fazendas no estado com desmatamentos caiu para cerca de 3 mil.<\/p>\n<p>&nbsp;<\/p>\n<p>O objetivo da reuni\u00e3o foi discutir uma forma da FAET mobilizar os propriet\u00e1rios rurais de \u00e1reas que receber\u00e3o notifica\u00e7\u00e3o por meio do Di\u00e1rio Oficial do Estado, em decorr\u00eancia de registro de desmatamentos recentes. A entidade buscou entendimentos para garantir o direito dos produtores a se regularizarem, apresentando documenta\u00e7\u00e3o que evite qualquer tipo de penalidade.<\/p>\n","protected":false},"excerpt":{"rendered":"<p>A Federa\u00e7\u00e3o de Agricultura e Pecu\u00e1ria do Estado do Tocantins &#8211; FAET vai auxiliar os produtores rurais a regularizarem as propriedades rurais onde ocorreram desmatamentos que s\u00e3o alvo de questionamento dos \u00f3rg\u00e3os ambientais. &nbsp; \u201cQueremos que o produtor rural tenha a oportunidade de apresentar a sua documenta\u00e7\u00e3o e evitar qualquer tipo de puni\u00e7\u00e3o que prejudique [&hellip;]<\/p>\n","protected":false},"author":3,"featured_media":2349,"comment_status":"open","ping_status":"open","sticky":false,"template":"","format":"standard","meta":{"kia_subtitle":"","footnotes":""},"categories":[1],"tags":[],"class_list":["post-2348","post","type-post","status-publish","format-standard","has-post-thumbnail","hentry","category-blog"],"_links":{"self":[{"href":"https:\/\/sistemafaetsenar.org.br\/faet\/wp-json\/wp\/v2\/posts\/2348"}],"collection":[{"href":"https:\/\/sistemafaetsenar.org.br\/faet\/wp-json\/wp\/v2\/posts"}],"about":[{"href":"https:\/\/sistemafaetsenar.org.br\/faet\/wp-json\/wp\/v2\/types\/post"}],"author":[{"embeddable":true,"href":"https:\/\/sistemafaetsenar.org.br\/faet\/wp-json\/wp\/v2\/users\/3"}],"replies":[{"embeddable":true,"href":"https:\/\/sistemafaetsenar.org.br\/faet\/wp-json\/wp\/v2\/comments?post=2348"}],"version-history":[{"count":0,"href":"https:\/\/sistemafaetsenar.org.br\/faet\/wp-json\/wp\/v2\/posts\/2348\/revisions"}],"wp:featuredmedia":[{"embeddable":true,"href":"https:\/\/sistemafaetsenar.org.br\/faet\/wp-json\/wp\/v2\/media\/2349"}],"wp:attachment":[{"href":"https:\/\/sistemafaetsenar.org.br\/faet\/wp-json\/wp\/v2\/media?parent=2348"}],"wp:term":[{"taxonomy":"category","embeddable":true,"href":"https:\/\/sistemafaetsenar.org.br\/faet\/wp-json\/wp\/v2\/categories?post=2348"},{"taxonomy":"post_tag","embeddable":true,"href":"https:\/\/sistemafaetsenar.org.br\/faet\/wp-json\/wp\/v2\/tags?post=2348"}],"curies":[{"name":"wp","href":"https:\/\/api.w.org\/{rel}","templated":true}]}}