{"id":2226,"date":"2024-05-21T16:28:04","date_gmt":"2024-05-21T19:28:04","guid":{"rendered":"https:\/\/sistemafaetsenar.org.br\/faet\/?p=2226"},"modified":"2024-05-21T16:28:04","modified_gmt":"2024-05-21T19:28:04","slug":"estande-do-senar-realizou-palestras-para-os-jovens-do-agro","status":"publish","type":"post","link":"https:\/\/sistemafaetsenar.org.br\/faet\/estande-do-senar-realizou-palestras-para-os-jovens-do-agro\/","title":{"rendered":"Estande do Senar realizou palestras para os jovens do agro"},"content":{"rendered":"<p>Lideran\u00e7a, empreendedorismo e inova\u00e7\u00e3o. Os temas foram tratados no estande \u201cUnidos pelo Agro\u201d, durante a Agrotins.<\/p>\n<p>&nbsp;<\/p>\n<p>A programa\u00e7\u00e3o iniciou com o presidente da Comiss\u00e3o Nacional de Lideran\u00e7as da CNA, Paulo Rog\u00e9rio Mindins, que falou sobre a import\u00e2ncia desse projeto voltado para a juventude.<\/p>\n<p>&nbsp;<\/p>\n<p>O Zootecnista e assessor t\u00e9cnico da CNA, Caio Vasconcellos, apresentou para os participantes o programa CNA Jovem. \u201cUm programa que foca na resolu\u00e7\u00e3o de desafios complexos, onde o jovem vai at\u00e9 o produtor entender seus anseios e a partir disso, desenvolver desafios para resolver esses problemas\u201d, destacou.<\/p>\n<p>&nbsp;<\/p>\n<p>J\u00e1 a Ana Carolina Zimmermann, produtora rural e vencedora da 4\u00ba edi\u00e7\u00e3o do programa CNA Jovem, contou um pouco sobre seu projeto vencedor.<\/p>\n<p>&nbsp;<\/p>\n<p>Durante a manh\u00e3, os jovens produtores rurais Maicon Jhonatam e Pedro Henrique, da Horta Pitaya, de Tocantinopolis, apresentaram os resultados alcan\u00e7ados com a assist\u00eancia t\u00e9cnica do Senar.<\/p>\n","protected":false},"excerpt":{"rendered":"<p>Lideran\u00e7a, empreendedorismo e inova\u00e7\u00e3o. Os temas foram tratados no estande \u201cUnidos pelo Agro\u201d, durante a Agrotins. &nbsp; A programa\u00e7\u00e3o iniciou com o presidente da Comiss\u00e3o Nacional de Lideran\u00e7as da CNA, Paulo Rog\u00e9rio Mindins, que falou sobre a import\u00e2ncia desse projeto voltado para a juventude. &nbsp; O Zootecnista e assessor t\u00e9cnico da CNA, Caio Vasconcellos, apresentou [&hellip;]<\/p>\n","protected":false},"author":3,"featured_media":2227,"comment_status":"open","ping_status":"open","sticky":false,"template":"","format":"standard","meta":{"kia_subtitle":"","footnotes":""},"categories":[1],"tags":[],"class_list":["post-2226","post","type-post","status-publish","format-standard","has-post-thumbnail","hentry","category-blog"],"_links":{"self":[{"href":"https:\/\/sistemafaetsenar.org.br\/faet\/wp-json\/wp\/v2\/posts\/2226"}],"collection":[{"href":"https:\/\/sistemafaetsenar.org.br\/faet\/wp-json\/wp\/v2\/posts"}],"about":[{"href":"https:\/\/sistemafaetsenar.org.br\/faet\/wp-json\/wp\/v2\/types\/post"}],"author":[{"embeddable":true,"href":"https:\/\/sistemafaetsenar.org.br\/faet\/wp-json\/wp\/v2\/users\/3"}],"replies":[{"embeddable":true,"href":"https:\/\/sistemafaetsenar.org.br\/faet\/wp-json\/wp\/v2\/comments?post=2226"}],"version-history":[{"count":0,"href":"https:\/\/sistemafaetsenar.org.br\/faet\/wp-json\/wp\/v2\/posts\/2226\/revisions"}],"wp:featuredmedia":[{"embeddable":true,"href":"https:\/\/sistemafaetsenar.org.br\/faet\/wp-json\/wp\/v2\/media\/2227"}],"wp:attachment":[{"href":"https:\/\/sistemafaetsenar.org.br\/faet\/wp-json\/wp\/v2\/media?parent=2226"}],"wp:term":[{"taxonomy":"category","embeddable":true,"href":"https:\/\/sistemafaetsenar.org.br\/faet\/wp-json\/wp\/v2\/categories?post=2226"},{"taxonomy":"post_tag","embeddable":true,"href":"https:\/\/sistemafaetsenar.org.br\/faet\/wp-json\/wp\/v2\/tags?post=2226"}],"curies":[{"name":"wp","href":"https:\/\/api.w.org\/{rel}","templated":true}]}}