{"id":2223,"date":"2024-05-21T16:26:04","date_gmt":"2024-05-21T19:26:04","guid":{"rendered":"https:\/\/sistemafaetsenar.org.br\/faet\/?p=2223"},"modified":"2024-05-21T16:26:52","modified_gmt":"2024-05-21T19:26:52","slug":"estande-do-sistema-faet-senar-abre-programacao-na-agrotins-2024","status":"publish","type":"post","link":"https:\/\/sistemafaetsenar.org.br\/faet\/estande-do-sistema-faet-senar-abre-programacao-na-agrotins-2024\/","title":{"rendered":"Estande do Sistema FAET\/Senar abre programa\u00e7\u00e3o na Agrotins 2024"},"content":{"rendered":"<p>O estande \u201cUnidos Pelo Agro\u201d abriu oficialmente suas portas na Agrotins 2024, nesta quarta-feira, dia 15 de maio. A cerim\u00f4nia marcou o in\u00edcio da programa\u00e7\u00e3o preparada pelo Sistema FAET\/Senar para esta edi\u00e7\u00e3o da feira.<\/p>\n<p>&nbsp;<\/p>\n<p>O governador Wanderlei Barbosa, secret\u00e1rios estaduais, parlamentares e presidentes de entidades estiveram presentes.<\/p>\n<p>&nbsp;<\/p>\n<p>Segundo o presidente do sistema, Paulo Carneiro, em tr\u00eas dias de evento o estande ser\u00e1 uma vitrine de informa\u00e7\u00f5es, inova\u00e7\u00f5es e conhecimento para o p\u00fablico do setor.<\/p>\n<p>&nbsp;<\/p>\n<p>\u201cEstamos melhorando a cada ano, e num ano especial como agora, o nosso esfor\u00e7o foi surpreender os visitantes com muita inova\u00e7\u00e3o e tecnologia. \u00c9 tamb\u00e9m uma demonstra\u00e7\u00e3o de uni\u00e3o do nosso setor, do pequeno ao grande em defesa da atividade agropecu\u00e1ria. Estamos orgulhosos e felizes com esse momento\u201d, destacou o presidente.<\/p>\n<p>&nbsp;<\/p>\n<p>O Governador \u00e9 comitiva conheceram a estrutura do estande do sistema e tamb\u00e9m gravou participa\u00e7\u00e3o no podcast da \u201cCarreta Agro Pelo Brasil\u201d, da CNA, uma atra\u00e7\u00e3o do sistema, neste ano.<\/p>\n<p>&nbsp;<\/p>\n<p>Na cerim\u00f4nia de abertura do estande, a presidente da Aprosoja, parabenizou a entidade e agradeceu pela parceria. \u201cAcreditamos que essa uni\u00e3o do agro faz com que a gente chegue do pequeno ao grande produtor\u201d.<\/p>\n<p>&nbsp;<\/p>\n<p>Presidente da Frente Parlamentar do Agro, o Deputado Estadual, Gutierres Torquato falou da for\u00e7a do setor e import\u00e2ncia da FAET. \u201cCada dia que passa eu tenho mais admira\u00e7\u00e3o pela integra\u00e7\u00e3o do sistema nas a\u00e7\u00f5es em prol dos produtores do Tocantins\u201d.<\/p>\n<p>&nbsp;<\/p>\n<p>Neste ano, o tema do estande do sistema faz homenagem aos 35 anos da FAET e 30 anos do Senar no estado. O Diretor Geral do Senar, Daniel Carrara, representando o presidente da CNA (Conf. de Agricultura e Pecu\u00e1ria do Brasil) relembrou a hist\u00f3ria das entidades e o pioneirismo em algumas iniciativas.<\/p>\n<p>&nbsp;<\/p>\n<p>\u201cA Assist\u00eancia T\u00e9cnica e Gerencial deu os primeiros passos aqui no Tocantins. O programa de sucesso hoje \u00e9 refer\u00eancia no pa\u00eds. O Senar no Tocantins \u00e9 a Faet est\u00e3o de parab\u00e9ns!\u201d<\/p>\n","protected":false},"excerpt":{"rendered":"<p>O estande \u201cUnidos Pelo Agro\u201d abriu oficialmente suas portas na Agrotins 2024, nesta quarta-feira, dia 15 de maio. A cerim\u00f4nia marcou o in\u00edcio da programa\u00e7\u00e3o preparada pelo Sistema FAET\/Senar para esta edi\u00e7\u00e3o da feira. &nbsp; O governador Wanderlei Barbosa, secret\u00e1rios estaduais, parlamentares e presidentes de entidades estiveram presentes. &nbsp; Segundo o presidente do sistema, Paulo [&hellip;]<\/p>\n","protected":false},"author":3,"featured_media":2224,"comment_status":"open","ping_status":"open","sticky":false,"template":"","format":"standard","meta":{"kia_subtitle":"","footnotes":""},"categories":[1],"tags":[],"class_list":["post-2223","post","type-post","status-publish","format-standard","has-post-thumbnail","hentry","category-blog"],"_links":{"self":[{"href":"https:\/\/sistemafaetsenar.org.br\/faet\/wp-json\/wp\/v2\/posts\/2223"}],"collection":[{"href":"https:\/\/sistemafaetsenar.org.br\/faet\/wp-json\/wp\/v2\/posts"}],"about":[{"href":"https:\/\/sistemafaetsenar.org.br\/faet\/wp-json\/wp\/v2\/types\/post"}],"author":[{"embeddable":true,"href":"https:\/\/sistemafaetsenar.org.br\/faet\/wp-json\/wp\/v2\/users\/3"}],"replies":[{"embeddable":true,"href":"https:\/\/sistemafaetsenar.org.br\/faet\/wp-json\/wp\/v2\/comments?post=2223"}],"version-history":[{"count":0,"href":"https:\/\/sistemafaetsenar.org.br\/faet\/wp-json\/wp\/v2\/posts\/2223\/revisions"}],"wp:featuredmedia":[{"embeddable":true,"href":"https:\/\/sistemafaetsenar.org.br\/faet\/wp-json\/wp\/v2\/media\/2224"}],"wp:attachment":[{"href":"https:\/\/sistemafaetsenar.org.br\/faet\/wp-json\/wp\/v2\/media?parent=2223"}],"wp:term":[{"taxonomy":"category","embeddable":true,"href":"https:\/\/sistemafaetsenar.org.br\/faet\/wp-json\/wp\/v2\/categories?post=2223"},{"taxonomy":"post_tag","embeddable":true,"href":"https:\/\/sistemafaetsenar.org.br\/faet\/wp-json\/wp\/v2\/tags?post=2223"}],"curies":[{"name":"wp","href":"https:\/\/api.w.org\/{rel}","templated":true}]}}