{"id":2203,"date":"2024-05-08T18:01:42","date_gmt":"2024-05-08T21:01:42","guid":{"rendered":"https:\/\/sistemafaetsenar.org.br\/faet\/?p=2203"},"modified":"2024-05-08T18:01:42","modified_gmt":"2024-05-08T21:01:42","slug":"sistema-faet-senar-realiza-reuniao-para-instauracao-da-comissao-estadual-de-mulheres-do-agro","status":"publish","type":"post","link":"https:\/\/sistemafaetsenar.org.br\/faet\/sistema-faet-senar-realiza-reuniao-para-instauracao-da-comissao-estadual-de-mulheres-do-agro\/","title":{"rendered":"Sistema FAET\/Senar realiza reuni\u00e3o para instaura\u00e7\u00e3o da Comiss\u00e3o Estadual de Mulheres do Agro\u00a0"},"content":{"rendered":"<p>O Sistema FAET\/Senar realizou nesta quarta-feira, 08\/05, uma reuni\u00e3o para instaura\u00e7\u00e3o da Comiss\u00e3o Estadual de Mulheres do Agro. De acordo com a superintendente, Rayley Luzza, a ideia de criar a comiss\u00e3o surgiu da necessidade de realizar a\u00e7\u00f5es espec\u00edficas para esse p\u00fablico e tamb\u00e9m para desenvolver a lideran\u00e7a de mulheres no setor agropecu\u00e1rio.<\/p>\n<p>\u201cDecidimos criar essa comiss\u00e3o como um instrumento de fortalecimento a representatividade feminina. Queremos dar mais espa\u00e7o, visibilidade e ampliar a participa\u00e7\u00e3o das mulheres no sistema sindical&#8221;<\/p>\n<p>Durante a reuni\u00e3o foi definido o plano de a\u00e7\u00e3o para 2024. Segundo a produtora rural, C\u00e1ssia Cayres, escolhida como presidente da comiss\u00e3o, a partir de agora ser\u00e3o realizados reuni\u00f5es e encontros presenciais em diversas regi\u00f5es do estado.<\/p>\n<p>&#8220;Acreditamos que a cria\u00e7\u00e3o dessa comiss\u00e3o ser\u00e1 um divisor de \u00e1guas. Conseguimos reunir um grupo de mulheres fortes, do campo, com viv\u00eancias e hist\u00f3rias lindas e com muita representatividade. Esse \u00e9 s\u00f3 o come\u00e7o&#8221;, comemorou.<\/p>\n<p>A Comiss\u00e3o Estadual de Mulheres do Agro ser\u00e1 apresentada oficialmente durante a 24\u00ba edi\u00e7\u00e3o da Agrotins, na pr\u00f3xima quinta-feira, 16\/05.<\/p>\n<p>&nbsp;<\/p>\n<p>&nbsp;<\/p>\n","protected":false},"excerpt":{"rendered":"<p>O Sistema FAET\/Senar realizou nesta quarta-feira, 08\/05, uma reuni\u00e3o para instaura\u00e7\u00e3o da Comiss\u00e3o Estadual de Mulheres do Agro. De acordo com a superintendente, Rayley Luzza, a ideia de criar a comiss\u00e3o surgiu da necessidade de realizar a\u00e7\u00f5es espec\u00edficas para esse p\u00fablico e tamb\u00e9m para desenvolver a lideran\u00e7a de mulheres no setor agropecu\u00e1rio. \u201cDecidimos criar essa [&hellip;]<\/p>\n","protected":false},"author":3,"featured_media":2204,"comment_status":"open","ping_status":"open","sticky":false,"template":"","format":"standard","meta":{"kia_subtitle":"","footnotes":""},"categories":[26],"tags":[],"class_list":["post-2203","post","type-post","status-publish","format-standard","has-post-thumbnail","hentry","category-noticia-principal"],"_links":{"self":[{"href":"https:\/\/sistemafaetsenar.org.br\/faet\/wp-json\/wp\/v2\/posts\/2203"}],"collection":[{"href":"https:\/\/sistemafaetsenar.org.br\/faet\/wp-json\/wp\/v2\/posts"}],"about":[{"href":"https:\/\/sistemafaetsenar.org.br\/faet\/wp-json\/wp\/v2\/types\/post"}],"author":[{"embeddable":true,"href":"https:\/\/sistemafaetsenar.org.br\/faet\/wp-json\/wp\/v2\/users\/3"}],"replies":[{"embeddable":true,"href":"https:\/\/sistemafaetsenar.org.br\/faet\/wp-json\/wp\/v2\/comments?post=2203"}],"version-history":[{"count":0,"href":"https:\/\/sistemafaetsenar.org.br\/faet\/wp-json\/wp\/v2\/posts\/2203\/revisions"}],"wp:featuredmedia":[{"embeddable":true,"href":"https:\/\/sistemafaetsenar.org.br\/faet\/wp-json\/wp\/v2\/media\/2204"}],"wp:attachment":[{"href":"https:\/\/sistemafaetsenar.org.br\/faet\/wp-json\/wp\/v2\/media?parent=2203"}],"wp:term":[{"taxonomy":"category","embeddable":true,"href":"https:\/\/sistemafaetsenar.org.br\/faet\/wp-json\/wp\/v2\/categories?post=2203"},{"taxonomy":"post_tag","embeddable":true,"href":"https:\/\/sistemafaetsenar.org.br\/faet\/wp-json\/wp\/v2\/tags?post=2203"}],"curies":[{"name":"wp","href":"https:\/\/api.w.org\/{rel}","templated":true}]}}