{"id":2195,"date":"2024-05-03T09:51:00","date_gmt":"2024-05-03T12:51:00","guid":{"rendered":"https:\/\/senartocantins.com.br\/faet\/?p=1975"},"modified":"2024-09-30T16:37:42","modified_gmt":"2024-09-30T19:37:42","slug":"agroforte-debate-desafios-do-agro","status":"publish","type":"post","link":"https:\/\/sistemafaetsenar.org.br\/faet\/agroforte-debate-desafios-do-agro\/","title":{"rendered":"AGROFORTE debate desafios do agro"},"content":{"rendered":"<p>Evento do Sistema Faet e SR de Gurupi \u00e9 uma das atra\u00e7\u00f5es da Exposi\u00e7\u00e3o<\/p>\n<p>&nbsp;<\/p>\n<p>Com o objetivo de colocar em discuss\u00e3o os principais assuntos que interessam o segmento rural em Gurupi e regi\u00e3o, o Sistema Faet Senar est\u00e1 realizando o AGROFORTE SUL dentro da programa\u00e7\u00e3o da 49a. ExpoGurupi.<\/p>\n<p>No primeiro dia de palestras foram tratados de assuntos como nutri\u00e7\u00e3o e fertilidade do solo, tecnologia de aplica\u00e7\u00e3o de herbicida, sanidade em confinamento e tend\u00eancias para o setor da pecu\u00e1ria.<\/p>\n<p>&nbsp;<\/p>\n<p>CUSTO DE TRANSPORTE<\/p>\n<p>Uma das principais palestras do evento foi da economista Elis\u00e2ngela Lopes, especialista em Log\u00edstica da CNA (Confedera\u00e7\u00e3o de Agricultura e Pecu\u00e1ria do Brasil).<\/p>\n<p>No panorama que fez sobre a log\u00edstica de transporte no Brasil ela mostrou que o pa\u00eds carece de investimentos para melhorar a malha vi\u00e1ria e ofertar alternativas em outros modais, como ferrovias e hidrovias.<\/p>\n<p>\u201cEsse assunto \u00e9 importante para os produtores porque isso chega a impactar em cerca de 40% nos custos de transporte da produ\u00e7\u00e3o. E isso reduz a competitividade dos nossos produtos\u201d, afirmou.<\/p>\n<p>A economista tamb\u00e9m falou sobre armazenagem de gr\u00e3os no pa\u00eds. Dados da CNA mostram que o Tocantins \u00e9 um dos estados produtores que mais precisam investir em estruturas de armazenagem.<\/p>\n<p>&nbsp;<\/p>\n<p>MAIS AGROFORTE<\/p>\n<p>Nos dias 2 e 3 de maio o AGROFORTE ter\u00e1 sequ\u00eancia com palestras sobre pastagens, quest\u00f5es fundi\u00e1rias, sucess\u00e3o familiar entre outros temas.<\/p>\n<p>Entre os convidados estar\u00e3o o agr\u00f4nomo Celso Moretti, que vai falar sobre o agro no Brasil e a influencer Camila Telles, que vai tratar do papel da juventude no futuro do agro.<\/p>\n<p>O AGROFORTE \u00e9 uma realiza\u00e7\u00e3o do sistema Faet\/Senar e Sindicato Rural de Gurupi com o apoio do Minist\u00e9rio da Agricultura e Governo Federal.<\/p>\n<p>&nbsp;<\/p>\n<p>O AgroForte \u00e9 uma iniciativa do Sistema FAET\/Senar e Sindicatos Rurais, com o apoio do Minist\u00e9rio da Agricultura e Pecu\u00e1ria (MAPA) e Governo Federal. O evento tamb\u00e9m conta com a parceria do Sebrae e do Governo do Tocantins, por meio da Secretaria de Ind\u00fastria, Com\u00e9rcio e Servi\u00e7os.<\/p>\n","protected":false},"excerpt":{"rendered":"<p>Evento do Sistema Faet e SR de Gurupi \u00e9 uma das atra\u00e7\u00f5es da Exposi\u00e7\u00e3o &nbsp; Com o objetivo de colocar em discuss\u00e3o os principais assuntos que interessam o segmento rural em Gurupi e regi\u00e3o, o Sistema Faet Senar est\u00e1 realizando o AGROFORTE SUL dentro da programa\u00e7\u00e3o da 49a. ExpoGurupi. No primeiro dia de palestras foram [&hellip;]<\/p>\n","protected":false},"author":3,"featured_media":1976,"comment_status":"open","ping_status":"open","sticky":false,"template":"","format":"standard","meta":{"kia_subtitle":"","footnotes":""},"categories":[60,26],"tags":[],"class_list":["post-2195","post","type-post","status-publish","format-standard","has-post-thumbnail","hentry","category-agroforte","category-noticia-principal"],"_links":{"self":[{"href":"https:\/\/sistemafaetsenar.org.br\/faet\/wp-json\/wp\/v2\/posts\/2195"}],"collection":[{"href":"https:\/\/sistemafaetsenar.org.br\/faet\/wp-json\/wp\/v2\/posts"}],"about":[{"href":"https:\/\/sistemafaetsenar.org.br\/faet\/wp-json\/wp\/v2\/types\/post"}],"author":[{"embeddable":true,"href":"https:\/\/sistemafaetsenar.org.br\/faet\/wp-json\/wp\/v2\/users\/3"}],"replies":[{"embeddable":true,"href":"https:\/\/sistemafaetsenar.org.br\/faet\/wp-json\/wp\/v2\/comments?post=2195"}],"version-history":[{"count":0,"href":"https:\/\/sistemafaetsenar.org.br\/faet\/wp-json\/wp\/v2\/posts\/2195\/revisions"}],"wp:featuredmedia":[{"embeddable":true,"href":"https:\/\/sistemafaetsenar.org.br\/faet\/wp-json\/wp\/v2\/media\/1976"}],"wp:attachment":[{"href":"https:\/\/sistemafaetsenar.org.br\/faet\/wp-json\/wp\/v2\/media?parent=2195"}],"wp:term":[{"taxonomy":"category","embeddable":true,"href":"https:\/\/sistemafaetsenar.org.br\/faet\/wp-json\/wp\/v2\/categories?post=2195"},{"taxonomy":"post_tag","embeddable":true,"href":"https:\/\/sistemafaetsenar.org.br\/faet\/wp-json\/wp\/v2\/tags?post=2195"}],"curies":[{"name":"wp","href":"https:\/\/api.w.org\/{rel}","templated":true}]}}