{"id":1964,"date":"2024-04-26T17:42:30","date_gmt":"2024-04-26T20:42:30","guid":{"rendered":"https:\/\/sistemafaetsenar.org.br\/faet\/?p=1964"},"modified":"2024-09-30T14:52:55","modified_gmt":"2024-09-30T17:52:55","slug":"expogurupi-vai-sediar-mais-uma-edicao-do-agroforte","status":"publish","type":"post","link":"https:\/\/sistemafaetsenar.org.br\/faet\/expogurupi-vai-sediar-mais-uma-edicao-do-agroforte\/","title":{"rendered":"EXPOGURUPI vai sediar mais uma edi\u00e7\u00e3o do AGROFORTE"},"content":{"rendered":"<p>Nos dias 30 de abril e tamb\u00e9m nos dias 2 e 3 de maio, como parte da programa\u00e7\u00e3o da 49\u00ba ExpoGurupi, ser\u00e1 realizado no Parque de Exposi\u00e7\u00f5es Jo\u00e3o Lisboa da Cruz, em Gurupi, o\u00a0<strong>AGROFORTE \u2013 SUL<\/strong>. O evento \u00e9 uma parceria entre FAET\/SENAR e o MAPA.<\/p>\n<p>&nbsp;<\/p>\n<p>\u201cO evento vai levar solu\u00e7\u00f5es para nosso produtor, principalmente nesse per\u00edodo de crise, valores baixos das commodities e problemas clim\u00e1ticas. Vai ser um espa\u00e7o onde o produtor vai encontrar sa\u00eddas para seu neg\u00f3cio e as melhores tecnologias para que ele se torne mais sustent\u00e1vel ambientalmente, socialmente e financeiramente\u201d.<\/p>\n<p>&nbsp;<\/p>\n<p>As palavras s\u00e3o do presidente do Sindicato Rural de Gurupi, Jo\u00e3o Victor Stival. Ele destacou que a FAET se colocou \u00e0 disposi\u00e7\u00e3o desde o in\u00edcio da gest\u00e3o para apoiar as a\u00e7\u00f5es em parceria com o sindicato.<\/p>\n<p>&nbsp;<\/p>\n<p>De acordo o presidente do Sistema FAET\/Senar, Paulo Carneiro, o evento j\u00e1 alcan\u00e7ou outras tr\u00eas regi\u00f5es do Tocantins. \u201cO Agro Forte \u00e9 uma iniciativa da Federa\u00e7\u00e3o e do Senar em parceria com os sindicatos rurais onde preocupamos atender \u00e0s demandas de cada regi\u00e3o. O intuito \u00e9 promover conhecimento e ajudar o produtor em suas rotinas\u201d, explicou.<\/p>\n<p>&nbsp;<\/p>\n<p>Na programa\u00e7\u00e3o constam palestras e mesas-redondas com temas como lideran\u00e7a no agro, governan\u00e7a fundi\u00e1ria, intensifica\u00e7\u00e3o de pastagens e sucess\u00e3o familiar. Uma das palestras mais aguardadas \u00e9 da produtora e comunicadora, Camila Telles. \u201cCombatendo a desinforma\u00e7\u00e3o no Agroneg\u00f3cio\u201d \u00e9 a proposta da palestrante.<\/p>\n<p>&nbsp;<\/p>\n<p>Outra palestra aguardada \u00e9 do agr\u00f4nomo e especialista em gest\u00e3o empresarial, Celso Luiz Moretti, que vai tratar das tend\u00eancias, perspectivas e cen\u00e1rios futuros para o agro brasileiro. Na programa\u00e7\u00e3o tamb\u00e9m ter\u00e3o mostras de casos de sucesso.<\/p>\n<p>&nbsp;<\/p>\n<p>O AgroForte \u00e9 uma iniciativa do Sistema FAET\/Senar e Sindicatos Rurais, com o apoio do Minist\u00e9rio da Agricultura e Pecu\u00e1ria (MAPA) e Governo Federal. O evento tamb\u00e9m conta com a parceria do Sebrae e do Governo do Tocantins, por meio da Secretaria de Ind\u00fastria, Com\u00e9rcio e Servi\u00e7os.<\/p>\n<p>&nbsp;<\/p>\n<p><strong><u>PALESTRANTES \u2013 AGRO FORTE<\/u><\/strong><\/p>\n<p><strong>\u00a0<\/strong><\/p>\n<p><strong><u>30\/04 ter\u00e7a-feira<\/u><\/strong><\/p>\n<p><strong><u>\u00a0<\/u><\/strong><\/p>\n<p><strong>08h00 \u2013 Nutri\u00e7\u00e3o e Fertilidade do Solo<\/strong><\/p>\n<p>Rubens Ribeiro (<em>Agr\u00f4nomo, Doutor em Solos e Nutri\u00e7\u00e3o pela Universidade Federal de Vi\u00e7osa)<\/em><\/p>\n<p><strong>08h30 \u2013 Tecnologia de Aplica\u00e7\u00e3o de Herbicida<\/strong><\/p>\n<p>Reginaldo Souza\u00a0<em>(Agr\u00f4nomo, Mestre em Economia Rural)<\/em><\/p>\n<p><strong>09h00 \u2013 Case de Sucesso \u2013 Pecu\u00e1ria<\/strong><\/p>\n<p>Ronaldo Henrique\u00a0<em>(Veterin\u00e1rio, Especialista em produ\u00e7\u00e3o de ruminantes, Consultor em Pecu\u00e1ria de Corte)<\/em><\/p>\n<p><strong>10h30 \u2013 Log\u00edstica e Suprimento do Agroneg\u00f3cio<\/strong><\/p>\n<p>Elis\u00e2ngela Lopes\u00a0<em>(Economista, Doutora em Engenharia Territorial. Faz parte da equipe de especialistas da CNA)<\/em><\/p>\n<p><strong>11h30 \u2013 Produzindo para quem produz<\/strong><\/p>\n<p>Rubens In\u00e1cio (<em>M\u00e9dico veterin\u00e1rio, Empres\u00e1rio, Pecuarista, Diretor TXC e Texas Center)<\/em><\/p>\n<p><strong>14h00 \u2013 Tecnologia de dados e informa\u00e7\u00e3o<\/strong><\/p>\n<p>Paulo Dias\u00a0<em>(Zootecnista, Mestre em produ\u00e7\u00e3o animal, Especialista em est\u00e3o pecu\u00e1ria de alta performance)<\/em><\/p>\n<p><strong>14h40 \u2013 Sanidade em Confinamento<\/strong><\/p>\n<p>Bruno de Rienzo (<em>Gerente Nacional de demanda laborat\u00f3rio Biogenises Bag\u00f3, MBA em gest\u00e3o estrat\u00e9gica do Agroneg\u00f3cio)<\/em><\/p>\n<p><strong>15h20 \u2013 Case de sucesso: Pecu\u00e1ria<\/strong><\/p>\n<p>Thiago Amorim\u00a0<em>(Zootecnista, T\u00e9cnico em Pecu\u00e1ria, Diretor de Pecu\u00e1ria (Agrojem)<\/em><\/p>\n<p><strong>16h50 \u2013 Vis\u00e3o da ind\u00fastria frigorifica<\/strong><\/p>\n<p>Tarcizio Goiabeira\u00a0<em>(Diretor da Coperfrigu, graduado em Administra\u00e7\u00e3o de Empresas)<\/em><\/p>\n<p><strong>17h20 \u2013 Tend\u00eancias da produ\u00e7\u00e3o de carne bovina brasileira<\/strong><\/p>\n<p>Roberto Barcellos\u00a0<em>(Agr\u00f4nomo com mais de 25 anos de experi\u00eancias no mercado pecu\u00e1rio)<\/em><\/p>\n<p><em>\u00a0<\/em><\/p>\n<p><strong><u>02\/05 quinta-feira<\/u><\/strong><\/p>\n<p><strong>14h00 \u2013 Lideran\u00e7a no Agro<\/strong><\/p>\n<p>Rudiney Moreira (<em>Instrutor da Dale Carnegie<\/em>)<\/p>\n<p><strong>14h40 \u2013 Legado e Sucess\u00e3o<\/strong><\/p>\n<p>Andrea Stival\u00a0<em>(Empres\u00e1ria, Pecuarista e Presidente da ACNT Nelore Tocantins)<\/em><\/p>\n<p><strong>15:20h \u2013 Mesa Redonda: Sucess\u00e3o Familiar<\/strong><\/p>\n<p>Andrea Stival, Val\u00e9ria Lopes, Paula Lobo, Camila Lopes<\/p>\n<p><strong>16h00 \u2013 Planejamento Sucess\u00f3rio<\/strong><\/p>\n<p>Silvia Ara\u00fajo\u00a0<em>(Advogada no direito do agroneg\u00f3cio, Mestre em Direito Constitucional,<\/em>\u00a0<em>P\u00f3s-graduada em Direito Agr\u00e1rio e do Agroneg\u00f3cio)<\/em><\/p>\n<p><strong>16h40 \u2013 Construindo uma cultura de conformidade e seguran\u00e7a: Estrat\u00e9gias integradas para o sucesso organizacional<\/strong><\/p>\n<p>J\u00e9ssica Moura\u00a0<em>(Graduada em Seguran\u00e7a no Trabalho, atende mais de 40 fazendas no Tocantins implementando solu\u00e7\u00f5es personalizadas em seguran\u00e7a)<\/em><\/p>\n<p>Taise Gama (<em>Advogada trabalhista empresarial, Especialista em Compliance)<\/em><\/p>\n<p><strong>17h00 \u2013 Combatendo a desinforma\u00e7\u00e3o no agroneg\u00f3cio<\/strong><\/p>\n<p><em>Camila Telles (Produtora Rural, Comunicadora, Digital Influencer, eleita pela Forbes como uma das 100 mulheres poderosas do Agro)<\/em><\/p>\n<p><em>\u00a0<\/em><\/p>\n<p><strong><u>03\/05 sexta-feira<\/u><\/strong><\/p>\n<p><strong>14h00 Intensifica\u00e7\u00e3o de Pastagens: Por onde come\u00e7ar?<\/strong><\/p>\n<p>Marcione Braga\u00a0<em>(T\u00e9cnico em agropecu\u00e1ria, Graduado em Gest\u00e3o do Agroneg\u00f3cio, Consultor de Pastagens)<\/em><\/p>\n<p><strong>14h40 Caso de Sucesso<\/strong><\/p>\n<p>Andr\u00e9 Velasco\u00a0<em>(Zootecnista, P\u00f3s graduado em Bovinos de corte)<\/em><\/p>\n<p><strong>15h30 Previd\u00eancia Rural<\/strong><\/p>\n<p>Hellen Cristina\u00a0<em>(Advogada Previdenci\u00e1ria do agroneg\u00f3cio, Especialista em Processo Civil e Direito Civil)<\/em><\/p>\n<p><strong>16:00 Quest\u00f5es fundi\u00e1rias tocantinenses<\/strong><\/p>\n<p>Wellington Magalh\u00e3es\u00a0<em>(Juiz de Direito do Tribunal do Estado do Tocantins, Mestre em Direito Constitucional)<\/em><\/p>\n<p><strong>17h00 O agro brasileiro<\/strong><\/p>\n<p>Celso Moretti\u00a0<em>(Agr\u00f4nomo e especialista em Gest\u00e3o Empresarial)<\/em><\/p>\n","protected":false},"excerpt":{"rendered":"<p>Nos dias 30 de abril e tamb\u00e9m nos dias 2 e 3 de maio, como parte da programa\u00e7\u00e3o da 49\u00ba ExpoGurupi, ser\u00e1 realizado no Parque de Exposi\u00e7\u00f5es Jo\u00e3o Lisboa da Cruz, em Gurupi, o\u00a0AGROFORTE \u2013 SUL. O evento \u00e9 uma parceria entre FAET\/SENAR e o MAPA. &nbsp; \u201cO evento vai levar solu\u00e7\u00f5es para nosso produtor, [&hellip;]<\/p>\n","protected":false},"author":2,"featured_media":1965,"comment_status":"open","ping_status":"open","sticky":false,"template":"","format":"standard","meta":{"kia_subtitle":"","footnotes":""},"categories":[1],"tags":[],"class_list":["post-1964","post","type-post","status-publish","format-standard","has-post-thumbnail","hentry","category-blog"],"_links":{"self":[{"href":"https:\/\/sistemafaetsenar.org.br\/faet\/wp-json\/wp\/v2\/posts\/1964"}],"collection":[{"href":"https:\/\/sistemafaetsenar.org.br\/faet\/wp-json\/wp\/v2\/posts"}],"about":[{"href":"https:\/\/sistemafaetsenar.org.br\/faet\/wp-json\/wp\/v2\/types\/post"}],"author":[{"embeddable":true,"href":"https:\/\/sistemafaetsenar.org.br\/faet\/wp-json\/wp\/v2\/users\/2"}],"replies":[{"embeddable":true,"href":"https:\/\/sistemafaetsenar.org.br\/faet\/wp-json\/wp\/v2\/comments?post=1964"}],"version-history":[{"count":0,"href":"https:\/\/sistemafaetsenar.org.br\/faet\/wp-json\/wp\/v2\/posts\/1964\/revisions"}],"wp:featuredmedia":[{"embeddable":true,"href":"https:\/\/sistemafaetsenar.org.br\/faet\/wp-json\/wp\/v2\/media\/1965"}],"wp:attachment":[{"href":"https:\/\/sistemafaetsenar.org.br\/faet\/wp-json\/wp\/v2\/media?parent=1964"}],"wp:term":[{"taxonomy":"category","embeddable":true,"href":"https:\/\/sistemafaetsenar.org.br\/faet\/wp-json\/wp\/v2\/categories?post=1964"},{"taxonomy":"post_tag","embeddable":true,"href":"https:\/\/sistemafaetsenar.org.br\/faet\/wp-json\/wp\/v2\/tags?post=1964"}],"curies":[{"name":"wp","href":"https:\/\/api.w.org\/{rel}","templated":true}]}}