{"id":1910,"date":"2024-04-05T09:11:14","date_gmt":"2024-04-05T12:11:14","guid":{"rendered":"https:\/\/sistemafaetsenar.org.br\/faet\/?p=1910"},"modified":"2024-04-05T09:12:44","modified_gmt":"2024-04-05T12:12:44","slug":"faet-participa-de-audiencia-publica-tratar-para-tratar-de-demandas-do-setor","status":"publish","type":"post","link":"https:\/\/sistemafaetsenar.org.br\/faet\/faet-participa-de-audiencia-publica-tratar-para-tratar-de-demandas-do-setor\/","title":{"rendered":"FAET participa de Audi\u00eancia p\u00fablica tratar para tratar de demandas do setor"},"content":{"rendered":"<p>\u201cSa\u00edmos dessa audi\u00eancia otimista com a possibilidade da atualiza\u00e7\u00e3o do C\u00f3digo Florestal do Estado do Tocantins. Isso vai beneficiar nossos produtores e fazer com que eles tenham mais seguran\u00e7a e tranquilidade no campo para continuarem produzindo\u201d. S\u00e3o as palavras do presidente do Sistema FAET\/Senar, Paulo Carneiro, em avalia\u00e7\u00e3o da audi\u00eancia p\u00fablica realizada na Assembleia Legislativa do Tocantins (Aleto), que tratou do tema. O presidente tamb\u00e9m lembrou que o tema j\u00e1 vinha sendo discutido na Frente Parlamentar em Defesa do Agroneg\u00f3cio.<\/p>\n<p><img fetchpriority=\"high\" decoding=\"async\" class=\"alignnone wp-image-1912 size-large\" src=\"https:\/\/sistemafaetsenar.org.br\/faet\/wp-content\/uploads\/2024\/04\/WhatsApp-Image-2024-04-04-at-16.31.02-1024x682.jpeg\" alt=\"\" width=\"780\" height=\"519\" srcset=\"https:\/\/sistemafaetsenar.org.br\/faet\/wp-content\/uploads\/2024\/04\/WhatsApp-Image-2024-04-04-at-16.31.02-1024x682.jpeg 1024w, https:\/\/sistemafaetsenar.org.br\/faet\/wp-content\/uploads\/2024\/04\/WhatsApp-Image-2024-04-04-at-16.31.02-300x200.jpeg 300w, https:\/\/sistemafaetsenar.org.br\/faet\/wp-content\/uploads\/2024\/04\/WhatsApp-Image-2024-04-04-at-16.31.02.jpeg 1600w\" sizes=\"(max-width: 780px) 100vw, 780px\" \/><\/p>\n<p><img decoding=\"async\" class=\"alignnone wp-image-1916 size-large\" src=\"https:\/\/sistemafaetsenar.org.br\/faet\/wp-content\/uploads\/2024\/04\/WhatsApp-Image-2024-04-04-at-16.27.56-1-1024x682.jpeg\" alt=\"\" width=\"780\" height=\"519\" srcset=\"https:\/\/sistemafaetsenar.org.br\/faet\/wp-content\/uploads\/2024\/04\/WhatsApp-Image-2024-04-04-at-16.27.56-1-1024x682.jpeg 1024w, https:\/\/sistemafaetsenar.org.br\/faet\/wp-content\/uploads\/2024\/04\/WhatsApp-Image-2024-04-04-at-16.27.56-1-300x200.jpeg 300w, https:\/\/sistemafaetsenar.org.br\/faet\/wp-content\/uploads\/2024\/04\/WhatsApp-Image-2024-04-04-at-16.27.56-1.jpeg 1600w\" sizes=\"(max-width: 780px) 100vw, 780px\" \/><\/p>\n<p>A audi\u00eancia p\u00fabica foi na Comiss\u00e3o de Minas Energia, Meio Ambiente e Turismo do parlamento, comandada pela deputada estadual Cl\u00e1udia L\u00e9lis, e reuniu um p\u00fablico seleto e expressivo de lideran\u00e7as rurais do agro, mobilizadas pela Federa\u00e7\u00e3o da Agricultura. Quase 40 presidentes de sindicatos rurais estavam presentes, al\u00e9m de l\u00edderes de entidades como a Aprosoja, cooperativas e associa\u00e7\u00f5es de produtores. Para a parlamentar, o prop\u00f3sito da audi\u00eancia p\u00fablica \u00e9 avan\u00e7ar no tema: \u201ctanto a comiss\u00e3o de meio ambiente, quanto a do agroneg\u00f3cio precisam buscar solu\u00e7\u00f5es razo\u00e1veis para os impasses relacionados a regulariza\u00e7\u00e3o ambiental\u201d, destacou.<\/p>\n<p><img decoding=\"async\" class=\"alignnone wp-image-1914 size-large\" src=\"https:\/\/sistemafaetsenar.org.br\/faet\/wp-content\/uploads\/2024\/04\/WhatsApp-Image-2024-04-04-at-16.30.02-1-1024x682.jpeg\" alt=\"\" width=\"780\" height=\"519\" srcset=\"https:\/\/sistemafaetsenar.org.br\/faet\/wp-content\/uploads\/2024\/04\/WhatsApp-Image-2024-04-04-at-16.30.02-1-1024x682.jpeg 1024w, https:\/\/sistemafaetsenar.org.br\/faet\/wp-content\/uploads\/2024\/04\/WhatsApp-Image-2024-04-04-at-16.30.02-1-300x200.jpeg 300w, https:\/\/sistemafaetsenar.org.br\/faet\/wp-content\/uploads\/2024\/04\/WhatsApp-Image-2024-04-04-at-16.30.02-1.jpeg 1600w\" sizes=\"(max-width: 780px) 100vw, 780px\" \/><\/p>\n<p>A audi\u00eancia foi comandada pelo deputado Gutierres Torquato, presidente da Frente Parlamentar do Agroneg\u00f3cio que na ocasi\u00e3o anunciou a cria\u00e7\u00e3o de uma comiss\u00e3o para debater a reformula\u00e7\u00e3o do C\u00f3digo Florestal do Tocantins. \u201c\u00c9 um desejo muito grande do produtor rural e tamb\u00e9m dos \u00f3rg\u00e3os do Governo a cria\u00e7\u00e3o dessa comiss\u00e3o para que seja discutido o C\u00f3digo Florestal. Queremos tratar de quest\u00f5es que s\u00e3o particulares do Tocantins, respeitando a legisla\u00e7\u00e3o federal. O objetivo \u00e9 dar para o produtor a seguran\u00e7a jur\u00eddica t\u00e3o sonhada\u201d, afirmou.<\/p>\n<p>&nbsp;<\/p>\n<p>O Secret\u00e1rio Estadual de Meio Ambiente, Marcelo L\u00e9lis, que representava o Governador Wanderlei Barbosa, pontuou a import\u00e2ncia do C\u00f3digo Florestal como um guia fundamental para os produtores. \u201cO C\u00f3digo Florestal \u00e9 a B\u00edblia do produtor e \u00e9 ali que ele vai saber o que pode e n\u00e3o pode fazer. E por determina\u00e7\u00e3o do Governador \u00e9 preciso que n\u00f3s possamos promover o desenvolvimento do estado, mas, esse desenvolvimento precisa ser feito respeitando as regras ambientais\u201d, afirmou.<\/p>\n<p>&nbsp;<\/p>\n<p>A audi\u00eancia tamb\u00e9m discutiu a import\u00e2ncia da efic\u00e1cia dos mecanismos de fiscaliza\u00e7\u00e3o e controle ambiental, otimiza\u00e7\u00e3o dos procedimentos existentes e maior agilidade ao atendimento das demandas recebidas pelo Naturatins. A audi\u00eancia contou com a participa\u00e7\u00e3o de toda a diretoria da FAET, presidentes de sindicatos rurais, secret\u00e1rios estaduais, representantes do setor jur\u00eddico, especialistas em meio ambiente e produtores rurais.<\/p>\n<p><img loading=\"lazy\" decoding=\"async\" class=\"alignnone wp-image-1913 size-large\" src=\"https:\/\/sistemafaetsenar.org.br\/faet\/wp-content\/uploads\/2024\/04\/WhatsApp-Image-2024-04-04-at-16.30.02-2-1024x682.jpeg\" alt=\"\" width=\"780\" height=\"519\" srcset=\"https:\/\/sistemafaetsenar.org.br\/faet\/wp-content\/uploads\/2024\/04\/WhatsApp-Image-2024-04-04-at-16.30.02-2-1024x682.jpeg 1024w, https:\/\/sistemafaetsenar.org.br\/faet\/wp-content\/uploads\/2024\/04\/WhatsApp-Image-2024-04-04-at-16.30.02-2-300x200.jpeg 300w, https:\/\/sistemafaetsenar.org.br\/faet\/wp-content\/uploads\/2024\/04\/WhatsApp-Image-2024-04-04-at-16.30.02-2.jpeg 1600w\" sizes=\"(max-width: 780px) 100vw, 780px\" \/><\/p>\n","protected":false},"excerpt":{"rendered":"<p>\u201cSa\u00edmos dessa audi\u00eancia otimista com a possibilidade da atualiza\u00e7\u00e3o do C\u00f3digo Florestal do Estado do Tocantins. Isso vai beneficiar nossos produtores e fazer com que eles tenham mais seguran\u00e7a e tranquilidade no campo para continuarem produzindo\u201d. S\u00e3o as palavras do presidente do Sistema FAET\/Senar, Paulo Carneiro, em avalia\u00e7\u00e3o da audi\u00eancia p\u00fablica realizada na Assembleia Legislativa [&hellip;]<\/p>\n","protected":false},"author":3,"featured_media":1911,"comment_status":"open","ping_status":"open","sticky":false,"template":"","format":"standard","meta":{"kia_subtitle":"A federa\u00e7\u00e3o mobilizou lideran\u00e7as rurais de v\u00e1rias regi\u00f5es do estado","footnotes":""},"categories":[1,26],"tags":[],"class_list":["post-1910","post","type-post","status-publish","format-standard","has-post-thumbnail","hentry","category-blog","category-noticia-principal"],"_links":{"self":[{"href":"https:\/\/sistemafaetsenar.org.br\/faet\/wp-json\/wp\/v2\/posts\/1910"}],"collection":[{"href":"https:\/\/sistemafaetsenar.org.br\/faet\/wp-json\/wp\/v2\/posts"}],"about":[{"href":"https:\/\/sistemafaetsenar.org.br\/faet\/wp-json\/wp\/v2\/types\/post"}],"author":[{"embeddable":true,"href":"https:\/\/sistemafaetsenar.org.br\/faet\/wp-json\/wp\/v2\/users\/3"}],"replies":[{"embeddable":true,"href":"https:\/\/sistemafaetsenar.org.br\/faet\/wp-json\/wp\/v2\/comments?post=1910"}],"version-history":[{"count":0,"href":"https:\/\/sistemafaetsenar.org.br\/faet\/wp-json\/wp\/v2\/posts\/1910\/revisions"}],"wp:featuredmedia":[{"embeddable":true,"href":"https:\/\/sistemafaetsenar.org.br\/faet\/wp-json\/wp\/v2\/media\/1911"}],"wp:attachment":[{"href":"https:\/\/sistemafaetsenar.org.br\/faet\/wp-json\/wp\/v2\/media?parent=1910"}],"wp:term":[{"taxonomy":"category","embeddable":true,"href":"https:\/\/sistemafaetsenar.org.br\/faet\/wp-json\/wp\/v2\/categories?post=1910"},{"taxonomy":"post_tag","embeddable":true,"href":"https:\/\/sistemafaetsenar.org.br\/faet\/wp-json\/wp\/v2\/tags?post=1910"}],"curies":[{"name":"wp","href":"https:\/\/api.w.org\/{rel}","templated":true}]}}