{"id":1897,"date":"2024-03-21T09:53:56","date_gmt":"2024-03-21T12:53:56","guid":{"rendered":"https:\/\/sistemafaetsenar.org.br\/faet\/?p=1897"},"modified":"2024-03-21T09:58:12","modified_gmt":"2024-03-21T12:58:12","slug":"lancamento-da-agenda-legislativa-do-agro-2024","status":"publish","type":"post","link":"https:\/\/sistemafaetsenar.org.br\/faet\/lancamento-da-agenda-legislativa-do-agro-2024\/","title":{"rendered":"Lan\u00e7amento da Agenda Legislativa do Agro 2024"},"content":{"rendered":"<p>O presidente do Sistema FAET\/Senar, Paulo Carneiro, e a Superintendente do Senar, Rayley Luzza, participaram do lan\u00e7amento da Agenda Legislativa do Agro 2024, evento realizado pela Confedera\u00e7\u00e3o da Agricultura e Pecu\u00e1ria do Brasil (CNA), em Bras\u00edlia. A cerim\u00f4nia para a entrega da agenda reuniu, deputados, senadores, ministros, embaixadores, presidentes e integrantes das Federa\u00e7\u00f5es de Agricultura e Pecu\u00e1ria dos Estados e das Comiss\u00f5es Nacionais da CNA, entidades e lideran\u00e7as do setor produtivo.<\/p>\n<p><strong>Documento<\/strong> \u2013 Os oito temas da Agenda Legislativa do Agro 2024 est\u00e3o divididos em \u201cEconomia e tributa\u00e7\u00e3o\u201d; \u201cMeio ambiente\u201d; \u201cDireito de propriedade\u201d; \u201cRela\u00e7\u00f5es trabalhistas\u201d; \u201cProdu\u00e7\u00e3o agropecu\u00e1ria\u201d; \u201cInfraestrutura e log\u00edstica\u201d; \u201cTecnologia e educa\u00e7\u00e3o no campo\u201d e \u201cRela\u00e7\u00f5es internacionais\u201d. Em mensagem na abertura no documento, o presidente da CNA, Jo\u00e3o Martins, falou da atua\u00e7\u00e3o do Congresso no ano passado e das pautas decisivas para o agro em 2024. A Assessoria de Rela\u00e7\u00f5es Institucionais da CNA acompanha atualmente mais de 6 mil projetos de lei e desses, 65 propostas foram selecionadas e consolidadas no documento.<\/p>\n<p><em>Clique aqui para ler a\u00a0<a class=\"link\" href=\"https:\/\/cnabrasil.org.br\/storage\/arquivos\/imagens\/agendaleg\/agenda-legislativa-2024.pdf\" target=\"\" rel=\"noopener\">Agenda Legislativa do Agro 2024\u00a0<\/a>.<\/em><\/p>\n","protected":false},"excerpt":{"rendered":"<p>O presidente do Sistema FAET\/Senar, Paulo Carneiro, e a Superintendente do Senar, Rayley Luzza, participaram do lan\u00e7amento da Agenda Legislativa do Agro 2024, evento realizado pela Confedera\u00e7\u00e3o da Agricultura e Pecu\u00e1ria do Brasil (CNA), em Bras\u00edlia. A cerim\u00f4nia para a entrega da agenda reuniu, deputados, senadores, ministros, embaixadores, presidentes e integrantes das Federa\u00e7\u00f5es de Agricultura [&hellip;]<\/p>\n","protected":false},"author":2,"featured_media":1901,"comment_status":"open","ping_status":"open","sticky":false,"template":"","format":"standard","meta":{"kia_subtitle":"Presidente Paulo Carneiro esteve presente no evento","footnotes":""},"categories":[26],"tags":[],"class_list":["post-1897","post","type-post","status-publish","format-standard","has-post-thumbnail","hentry","category-noticia-principal"],"_links":{"self":[{"href":"https:\/\/sistemafaetsenar.org.br\/faet\/wp-json\/wp\/v2\/posts\/1897"}],"collection":[{"href":"https:\/\/sistemafaetsenar.org.br\/faet\/wp-json\/wp\/v2\/posts"}],"about":[{"href":"https:\/\/sistemafaetsenar.org.br\/faet\/wp-json\/wp\/v2\/types\/post"}],"author":[{"embeddable":true,"href":"https:\/\/sistemafaetsenar.org.br\/faet\/wp-json\/wp\/v2\/users\/2"}],"replies":[{"embeddable":true,"href":"https:\/\/sistemafaetsenar.org.br\/faet\/wp-json\/wp\/v2\/comments?post=1897"}],"version-history":[{"count":0,"href":"https:\/\/sistemafaetsenar.org.br\/faet\/wp-json\/wp\/v2\/posts\/1897\/revisions"}],"wp:featuredmedia":[{"embeddable":true,"href":"https:\/\/sistemafaetsenar.org.br\/faet\/wp-json\/wp\/v2\/media\/1901"}],"wp:attachment":[{"href":"https:\/\/sistemafaetsenar.org.br\/faet\/wp-json\/wp\/v2\/media?parent=1897"}],"wp:term":[{"taxonomy":"category","embeddable":true,"href":"https:\/\/sistemafaetsenar.org.br\/faet\/wp-json\/wp\/v2\/categories?post=1897"},{"taxonomy":"post_tag","embeddable":true,"href":"https:\/\/sistemafaetsenar.org.br\/faet\/wp-json\/wp\/v2\/tags?post=1897"}],"curies":[{"name":"wp","href":"https:\/\/api.w.org\/{rel}","templated":true}]}}