{"id":1876,"date":"2024-03-05T11:20:02","date_gmt":"2024-03-05T14:20:02","guid":{"rendered":"https:\/\/sistemafaetsenar.org.br\/faet\/?p=1876"},"modified":"2024-03-05T11:39:37","modified_gmt":"2024-03-05T14:39:37","slug":"sistema-faet-senar-presente-no-trilhas-da-piscicultura-em-araguatins","status":"publish","type":"post","link":"https:\/\/sistemafaetsenar.org.br\/faet\/sistema-faet-senar-presente-no-trilhas-da-piscicultura-em-araguatins\/","title":{"rendered":"Sistema FAET\/Senar presente no Trilhas da Piscicultura"},"content":{"rendered":"<p>\u201cO evento Trilhas da Piscicultura foi muito importante para o Sistema Faet\/Senar, pois vamos oferecer assist\u00eancia t\u00e9cnica e capacita\u00e7\u00f5es para os pequenos produtores da regi\u00e3o. \u00c9 nossa miss\u00e3o poder contribuir com o com\u00e9rcio pesqueiro do estado\u201d. S\u00e3o palavras do superintendente da FAET, Fred Sodr\u00e9. O lan\u00e7amento do programa Trilhas da Piscicultura realizado em Araguatins, munic\u00edpio do Bico do Papagaio, reuniu autoridades, piscicultores locais, representantes de associa\u00e7\u00f5es e cooperativas.<\/p>\n<p>A iniciativa do Governo do Estado do Tocantins, visa fortalecer a rela\u00e7\u00e3o da Secretaria de Estado da Pesca e Aquicultura com o com\u00e9rcio da agroind\u00fastria pesqueira no Bico do Papagaio. O Sistema FAET j\u00e1 \u00e9 apoiador do programa em outras regi\u00f5es do estado, levando servi\u00e7os de assist\u00eancia t\u00e9cnica e capacita\u00e7\u00e3o para produtores. Al\u00e9m disso, durante o evento foi anunciada a constru\u00e7\u00e3o de um frigor\u00edfico, com intuito de valorizar a produ\u00e7\u00e3o e entrega do pescado na regi\u00e3o.<\/p>\n<p>O produtor S\u00e9rgio Alves \u00e9 assistido pela assist\u00eancia do Senar participou do evento. Ele est\u00e1 confiante com as melhorias propostas. \u201cAcredito que essa iniciativa ser\u00e1 \u00f3tima, porque vamos ter onde entregar o que produzimos e nos informar melhor a respeito da legaliza\u00e7\u00e3o da atividade\u201d, disse. \u201cEu acho muito importante esse programa, vai ser uma ben\u00e7\u00e3o. Hoje, nossa maior dificuldade \u00e9 vender em uma boa escala os peixes e essa iniciativa vai facilitar a sa\u00edda do produto\u201d, ressaltou o piscicultor, Ra\u00ed Barbosa.<\/p>\n<p>A t\u00e9cnica de campo que atende na regi\u00e3o, Mayara Pereira, refor\u00e7a que a chegada do frigor\u00edfico ser\u00e1 uma conquista para os piscicultores. \u201cMuitas vezes, o produto \u00e9 vendido a um pre\u00e7o muito abaixo do mercado e \u00e9 mais comercializado para os consumidores finais. Com o frigor\u00edfico, esses produtores ir\u00e3o poupar os gastos que costumam ter com o deslocamento do pescado para lugares mais distantes e a produ\u00e7\u00e3o vai aumentar significativamente\u201d, concluiu.<\/p>\n","protected":false},"excerpt":{"rendered":"<p>\u201cO evento Trilhas da Piscicultura foi muito importante para o Sistema Faet\/Senar, pois vamos oferecer assist\u00eancia t\u00e9cnica e capacita\u00e7\u00f5es para os pequenos produtores da regi\u00e3o. \u00c9 nossa miss\u00e3o poder contribuir com o com\u00e9rcio pesqueiro do estado\u201d. S\u00e3o palavras do superintendente da FAET, Fred Sodr\u00e9. O lan\u00e7amento do programa Trilhas da Piscicultura realizado em Araguatins, munic\u00edpio [&hellip;]<\/p>\n","protected":false},"author":2,"featured_media":1879,"comment_status":"open","ping_status":"open","sticky":false,"template":"","format":"standard","meta":{"kia_subtitle":"Evento reuniu autoridades, piscicultores e representantes de associa\u00e7\u00f5es e cooperativas.","footnotes":""},"categories":[26],"tags":[],"class_list":["post-1876","post","type-post","status-publish","format-standard","has-post-thumbnail","hentry","category-noticia-principal"],"_links":{"self":[{"href":"https:\/\/sistemafaetsenar.org.br\/faet\/wp-json\/wp\/v2\/posts\/1876"}],"collection":[{"href":"https:\/\/sistemafaetsenar.org.br\/faet\/wp-json\/wp\/v2\/posts"}],"about":[{"href":"https:\/\/sistemafaetsenar.org.br\/faet\/wp-json\/wp\/v2\/types\/post"}],"author":[{"embeddable":true,"href":"https:\/\/sistemafaetsenar.org.br\/faet\/wp-json\/wp\/v2\/users\/2"}],"replies":[{"embeddable":true,"href":"https:\/\/sistemafaetsenar.org.br\/faet\/wp-json\/wp\/v2\/comments?post=1876"}],"version-history":[{"count":0,"href":"https:\/\/sistemafaetsenar.org.br\/faet\/wp-json\/wp\/v2\/posts\/1876\/revisions"}],"wp:featuredmedia":[{"embeddable":true,"href":"https:\/\/sistemafaetsenar.org.br\/faet\/wp-json\/wp\/v2\/media\/1879"}],"wp:attachment":[{"href":"https:\/\/sistemafaetsenar.org.br\/faet\/wp-json\/wp\/v2\/media?parent=1876"}],"wp:term":[{"taxonomy":"category","embeddable":true,"href":"https:\/\/sistemafaetsenar.org.br\/faet\/wp-json\/wp\/v2\/categories?post=1876"},{"taxonomy":"post_tag","embeddable":true,"href":"https:\/\/sistemafaetsenar.org.br\/faet\/wp-json\/wp\/v2\/tags?post=1876"}],"curies":[{"name":"wp","href":"https:\/\/api.w.org\/{rel}","templated":true}]}}