{"id":1861,"date":"2024-02-24T17:34:15","date_gmt":"2024-02-24T20:34:15","guid":{"rendered":"https:\/\/sistemafaetsenar.org.br\/faet\/?p=1861"},"modified":"2024-02-24T17:36:43","modified_gmt":"2024-02-24T20:36:43","slug":"nova-diretoria-do-sr-de-ponte-alta-do-bom-jesus","status":"publish","type":"post","link":"https:\/\/sistemafaetsenar.org.br\/faet\/nova-diretoria-do-sr-de-ponte-alta-do-bom-jesus\/","title":{"rendered":"Nova Diretoria do SR de Ponte Alta do Bom Jesus"},"content":{"rendered":"<p>Nova diretoria do Sindicato Rural de Ponte Alta do Bom Jesus \u00e9 eleita e reafirma compromisso com o produtor rural<\/p>\n<p>&nbsp;<\/p>\n<p>Os produtores rurais filiados ao Sindicato Rural de Ponte Alta do Bom Jesus elegeram neste s\u00e1bado, 24\/02, a nova diretoria do sindicato.<\/p>\n<p>&nbsp;<\/p>\n<p>O produtor rural e advogado, Nelson Carlos Moura de Fran\u00e7a , da chapa \u201cLideran\u00e7a Consciente\u201d foi eleito para o cargo de Presidente de Sindicato Rural de Ponte Alta do Bom Jesus para o quadri\u00eanio 2024\/2028.<\/p>\n<p>&nbsp;<\/p>\n<p>De acordo o coordenador Sindical da FAET, Miller Santana, a elei\u00e7\u00e3o teve presen\u00e7a expressiva dos associados. \u201cA nova diretoria demonstrou muito entusiasmo e determina\u00e7\u00e3o e j\u00e1 come\u00e7aram definir os objetivos e metas para os proximos anos da entidade\u201d.<\/p>\n<p>&nbsp;<\/p>\n<p>Para o presidente eleito, a ideia \u00e9 \u201cfortalecer o sindicato rural e buscar parcerias para que os produtores rurais e sociedade sejam atendidos e beneficiados pela atua\u00e7ao do sindicato, social e economicamente&#8221;.<\/p>\n","protected":false},"excerpt":{"rendered":"<p>Nova diretoria do Sindicato Rural de Ponte Alta do Bom Jesus \u00e9 eleita e reafirma compromisso com o produtor rural &nbsp; Os produtores rurais filiados ao Sindicato Rural de Ponte Alta do Bom Jesus elegeram neste s\u00e1bado, 24\/02, a nova diretoria do sindicato. &nbsp; O produtor rural e advogado, Nelson Carlos Moura de Fran\u00e7a , [&hellip;]<\/p>\n","protected":false},"author":3,"featured_media":1862,"comment_status":"open","ping_status":"open","sticky":false,"template":"","format":"standard","meta":{"kia_subtitle":"","footnotes":""},"categories":[1,26],"tags":[],"class_list":["post-1861","post","type-post","status-publish","format-standard","has-post-thumbnail","hentry","category-blog","category-noticia-principal"],"_links":{"self":[{"href":"https:\/\/sistemafaetsenar.org.br\/faet\/wp-json\/wp\/v2\/posts\/1861"}],"collection":[{"href":"https:\/\/sistemafaetsenar.org.br\/faet\/wp-json\/wp\/v2\/posts"}],"about":[{"href":"https:\/\/sistemafaetsenar.org.br\/faet\/wp-json\/wp\/v2\/types\/post"}],"author":[{"embeddable":true,"href":"https:\/\/sistemafaetsenar.org.br\/faet\/wp-json\/wp\/v2\/users\/3"}],"replies":[{"embeddable":true,"href":"https:\/\/sistemafaetsenar.org.br\/faet\/wp-json\/wp\/v2\/comments?post=1861"}],"version-history":[{"count":0,"href":"https:\/\/sistemafaetsenar.org.br\/faet\/wp-json\/wp\/v2\/posts\/1861\/revisions"}],"wp:featuredmedia":[{"embeddable":true,"href":"https:\/\/sistemafaetsenar.org.br\/faet\/wp-json\/wp\/v2\/media\/1862"}],"wp:attachment":[{"href":"https:\/\/sistemafaetsenar.org.br\/faet\/wp-json\/wp\/v2\/media?parent=1861"}],"wp:term":[{"taxonomy":"category","embeddable":true,"href":"https:\/\/sistemafaetsenar.org.br\/faet\/wp-json\/wp\/v2\/categories?post=1861"},{"taxonomy":"post_tag","embeddable":true,"href":"https:\/\/sistemafaetsenar.org.br\/faet\/wp-json\/wp\/v2\/tags?post=1861"}],"curies":[{"name":"wp","href":"https:\/\/api.w.org\/{rel}","templated":true}]}}