{"id":1853,"date":"2024-02-22T17:34:46","date_gmt":"2024-02-22T20:34:46","guid":{"rendered":"https:\/\/sistemafaetsenar.org.br\/faet\/?p=1853"},"modified":"2024-02-22T17:49:22","modified_gmt":"2024-02-22T20:49:22","slug":"cna-lanca-plataforma-de-denuncia-anonima-contra-invasao-de-terras","status":"publish","type":"post","link":"https:\/\/sistemafaetsenar.org.br\/faet\/cna-lanca-plataforma-de-denuncia-anonima-contra-invasao-de-terras\/","title":{"rendered":"CNA lan\u00e7a plataforma de den\u00fancia an\u00f4nima contra invas\u00e3o de terras"},"content":{"rendered":"<p>A Confedera\u00e7\u00e3o da Agricultura e Pecu\u00e1ria do Brasil (CNA) abre um canal de den\u00fancia para os produtores rurais de todo o pa\u00eds informarem, de forma an\u00f4nima, invas\u00f5es de propriedades rurais.<\/p>\n<p>&nbsp;<\/p>\n<p>A partir dessas informa\u00e7\u00f5es, a CNA, juntamente com as Federa\u00e7\u00f5es de Agricultura e Pecu\u00e1ria dos Estados, vai avisar as autoridades policiais e a Justi\u00e7a para que provid\u00eancias sejam tomadas.<\/p>\n<p>&nbsp;<\/p>\n<p><strong>Como fazer a den\u00fancia?<\/strong><\/p>\n<p>&nbsp;<\/p>\n<p>Para denunciar, no formul\u00e1rio tem a op\u00e7\u00e3o de inserir nome, e-mail, telefone do denunciante, \u00e1rea do im\u00f3vel invadido e informa\u00e7\u00f5es adicionais (endere\u00e7o, ponto de refer\u00eancia).<\/p>\n<p>&nbsp;<\/p>\n<p>Caso a den\u00fancia seja an\u00f4nima, as informa\u00e7\u00f5es exigidas s\u00e3o o nome da fazenda invadida, munic\u00edpio e estado, qual movimento ou grupo que invadiu e a data do ocorrido.<\/p>\n<p>&nbsp;<\/p>\n<blockquote><p>Invas\u00e3o de terra \u00e9 crime. A garantia do direito de propriedade \u00e9 a base para o produtor rural trabalhar com tranquilidade e seguran\u00e7a jur\u00eddica.<\/p>\n<p>&nbsp;<\/p><\/blockquote>\n<p><strong><a href=\"https:\/\/cnabrasil.org.br\/formularios?form=Invasao-de-terras\">Plataforma de den\u00fancia an\u00f4nima de Invas\u00e3o de Terras. Clique aqui.<\/a>\u00a0<\/strong><\/p>\n<p>&nbsp;<\/p>\n<p>&nbsp;<\/p>\n<p>&nbsp;<\/p>\n","protected":false},"excerpt":{"rendered":"<p>A Confedera\u00e7\u00e3o da Agricultura e Pecu\u00e1ria do Brasil (CNA) abre um canal de den\u00fancia para os produtores rurais de todo o pa\u00eds informarem, de forma an\u00f4nima, invas\u00f5es de propriedades rurais. &nbsp; A partir dessas informa\u00e7\u00f5es, a CNA, juntamente com as Federa\u00e7\u00f5es de Agricultura e Pecu\u00e1ria dos Estados, vai avisar as autoridades policiais e a Justi\u00e7a [&hellip;]<\/p>\n","protected":false},"author":2,"featured_media":1854,"comment_status":"open","ping_status":"open","sticky":false,"template":"","format":"standard","meta":{"kia_subtitle":"Invas\u00e3o de terra \u00e9 crime","footnotes":""},"categories":[26],"tags":[],"class_list":["post-1853","post","type-post","status-publish","format-standard","has-post-thumbnail","hentry","category-noticia-principal"],"_links":{"self":[{"href":"https:\/\/sistemafaetsenar.org.br\/faet\/wp-json\/wp\/v2\/posts\/1853"}],"collection":[{"href":"https:\/\/sistemafaetsenar.org.br\/faet\/wp-json\/wp\/v2\/posts"}],"about":[{"href":"https:\/\/sistemafaetsenar.org.br\/faet\/wp-json\/wp\/v2\/types\/post"}],"author":[{"embeddable":true,"href":"https:\/\/sistemafaetsenar.org.br\/faet\/wp-json\/wp\/v2\/users\/2"}],"replies":[{"embeddable":true,"href":"https:\/\/sistemafaetsenar.org.br\/faet\/wp-json\/wp\/v2\/comments?post=1853"}],"version-history":[{"count":0,"href":"https:\/\/sistemafaetsenar.org.br\/faet\/wp-json\/wp\/v2\/posts\/1853\/revisions"}],"wp:featuredmedia":[{"embeddable":true,"href":"https:\/\/sistemafaetsenar.org.br\/faet\/wp-json\/wp\/v2\/media\/1854"}],"wp:attachment":[{"href":"https:\/\/sistemafaetsenar.org.br\/faet\/wp-json\/wp\/v2\/media?parent=1853"}],"wp:term":[{"taxonomy":"category","embeddable":true,"href":"https:\/\/sistemafaetsenar.org.br\/faet\/wp-json\/wp\/v2\/categories?post=1853"},{"taxonomy":"post_tag","embeddable":true,"href":"https:\/\/sistemafaetsenar.org.br\/faet\/wp-json\/wp\/v2\/tags?post=1853"}],"curies":[{"name":"wp","href":"https:\/\/api.w.org\/{rel}","templated":true}]}}