{"id":1796,"date":"2024-02-16T17:45:12","date_gmt":"2024-02-16T20:45:12","guid":{"rendered":"https:\/\/sistemafaetsenar.org.br\/faet\/?p=1796"},"modified":"2024-04-11T14:57:33","modified_gmt":"2024-04-11T17:57:33","slug":"faet-divulga-calendario-de-feiras-2024","status":"publish","type":"post","link":"https:\/\/sistemafaetsenar.org.br\/faet\/faet-divulga-calendario-de-feiras-2024\/","title":{"rendered":"FAET DIVULGA CALEND\u00c1RIO DE FEIRAS 2024"},"content":{"rendered":"<p>Em 2024 est\u00e3o programadas ao menos 41 feiras agropecu\u00e1rias. A divulga\u00e7\u00e3o do calend\u00e1rio oficial dos eventos foi realizada pela Federa\u00e7\u00e3o da Agricultura e Pecu\u00e1ria do Estado do Tocantins (FAET), nesta sexta-feira, 16\/02. De acordo a programa\u00e7\u00e3o, a primeira feira ser\u00e1 aberta no m\u00eas de abril, com a Exposi\u00e7\u00e3o Agropecu\u00e1ria de Miracema (19\/04 a 28\/04) e o \u00faltimo evento previsto \u00e9 a Exposi\u00e7\u00e3o de Ponte Alta de Bom Jesus (14 a 16 de novembro) fechando o calend\u00e1rio.<\/p>\n<p>&nbsp;<\/p>\n<p>De acordo o presidente do Sistema FAET\/Senar, Paulo Carneiro, \u201cs\u00e3o eventos esperados o ano todo pelo estado, porque movimentam a economia, proporcionam entretenimento e qualifica\u00e7\u00e3o ao produtor rural\u201d. O presidente ainda destacou que em 2023, os eventos movimentaram mais de 290 milh\u00f5es em neg\u00f3cios e contou com cerca de 740 mil visitantes. Para esse ano, a expectativa \u00e9 de 400 milh\u00f5es em comercializa\u00e7\u00e3o.<\/p>\n<p>&nbsp;<\/p>\n<p><a href=\"https:\/\/sistemafaetsenar.org.br\/faet\/wp-content\/uploads\/2024\/04\/Calendario-das-Exposicoes-2024-versao-08.2024.docx.pdf\">Clique aqui e confira o calend\u00e1rio.<\/a><\/p>\n","protected":false},"excerpt":{"rendered":"<p>Em 2024 est\u00e3o programadas ao menos 41 feiras agropecu\u00e1rias. A divulga\u00e7\u00e3o do calend\u00e1rio oficial dos eventos foi realizada pela Federa\u00e7\u00e3o da Agricultura e Pecu\u00e1ria do Estado do Tocantins (FAET), nesta sexta-feira, 16\/02. De acordo a programa\u00e7\u00e3o, a primeira feira ser\u00e1 aberta no m\u00eas de abril, com a Exposi\u00e7\u00e3o Agropecu\u00e1ria de Miracema (19\/04 a 28\/04) e [&hellip;]<\/p>\n","protected":false},"author":3,"featured_media":1798,"comment_status":"open","ping_status":"open","sticky":false,"template":"","format":"standard","meta":{"kia_subtitle":"Em 2024 est\u00e3o programadas ao menos 41 feiras agropecu\u00e1rias.","footnotes":""},"categories":[1,26],"tags":[104,33,74],"class_list":["post-1796","post","type-post","status-publish","format-standard","has-post-thumbnail","hentry","category-blog","category-noticia-principal","tag-eira-agropecuaria","tag-faet","tag-feira-agropecuaria"],"_links":{"self":[{"href":"https:\/\/sistemafaetsenar.org.br\/faet\/wp-json\/wp\/v2\/posts\/1796"}],"collection":[{"href":"https:\/\/sistemafaetsenar.org.br\/faet\/wp-json\/wp\/v2\/posts"}],"about":[{"href":"https:\/\/sistemafaetsenar.org.br\/faet\/wp-json\/wp\/v2\/types\/post"}],"author":[{"embeddable":true,"href":"https:\/\/sistemafaetsenar.org.br\/faet\/wp-json\/wp\/v2\/users\/3"}],"replies":[{"embeddable":true,"href":"https:\/\/sistemafaetsenar.org.br\/faet\/wp-json\/wp\/v2\/comments?post=1796"}],"version-history":[{"count":0,"href":"https:\/\/sistemafaetsenar.org.br\/faet\/wp-json\/wp\/v2\/posts\/1796\/revisions"}],"wp:featuredmedia":[{"embeddable":true,"href":"https:\/\/sistemafaetsenar.org.br\/faet\/wp-json\/wp\/v2\/media\/1798"}],"wp:attachment":[{"href":"https:\/\/sistemafaetsenar.org.br\/faet\/wp-json\/wp\/v2\/media?parent=1796"}],"wp:term":[{"taxonomy":"category","embeddable":true,"href":"https:\/\/sistemafaetsenar.org.br\/faet\/wp-json\/wp\/v2\/categories?post=1796"},{"taxonomy":"post_tag","embeddable":true,"href":"https:\/\/sistemafaetsenar.org.br\/faet\/wp-json\/wp\/v2\/tags?post=1796"}],"curies":[{"name":"wp","href":"https:\/\/api.w.org\/{rel}","templated":true}]}}