{"id":1646,"date":"2024-02-01T09:07:26","date_gmt":"2024-02-01T12:07:26","guid":{"rendered":"https:\/\/sistemafaetsenar.org.br\/faet\/?p=1646"},"modified":"2024-02-01T09:08:35","modified_gmt":"2024-02-01T12:08:35","slug":"faet-e-sindicatos-rurais-do-tocantins-se-reunem-com-governador-wanderlei-barbosa-para-discutir-apoio-para-as-feiras-de-2024","status":"publish","type":"post","link":"https:\/\/sistemafaetsenar.org.br\/faet\/faet-e-sindicatos-rurais-do-tocantins-se-reunem-com-governador-wanderlei-barbosa-para-discutir-apoio-para-as-feiras-de-2024\/","title":{"rendered":"FAET e Sindicatos Rurais do Tocantins se re\u00fanem com Governador para discutir apoio para as feiras de 2024"},"content":{"rendered":"<p>\u201cAl\u00e9m de solicitar o apoio para as feiras agropecu\u00e1rias, o motivo dessa audi\u00eancia \u00e9 tamb\u00e9m de agradecer pelo apoio que o Governador tem dado ao agro tocantinense, n\u00e3o s\u00f3 por meio dos eventos, mas tamb\u00e9m na aten\u00e7\u00e3o com nossas rodovias, com a recupera\u00e7\u00e3o das estradas e com as demandas de ordem tribut\u00e1ria\u201d. As palavras s\u00e3o do Presidente do Sistema FAET\/Senar, Paulo Carneiro, em reuni\u00e3o realizada com o Governador do Tocantins, Wanderlei Barbosa. O presidente esteve acompanhado de presidentes de sindicatos rurais do estado.<\/p>\n<p><img fetchpriority=\"high\" decoding=\"async\" class=\"alignnone wp-image-1647 size-full\" src=\"https:\/\/sistemafaetsenar.org.br\/faet\/wp-content\/uploads\/2024\/02\/363811.jpg\" alt=\"\" width=\"565\" height=\"349\" srcset=\"https:\/\/sistemafaetsenar.org.br\/faet\/wp-content\/uploads\/2024\/02\/363811.jpg 565w, https:\/\/sistemafaetsenar.org.br\/faet\/wp-content\/uploads\/2024\/02\/363811-300x185.jpg 300w\" sizes=\"(max-width: 565px) 100vw, 565px\" \/><\/p>\n<p>&nbsp;<\/p>\n<p>Na ocasi\u00e3o, o superintendente da FAET, Fred Sodr\u00e9, apresentou um balan\u00e7o das feiras, que em 2023 movimentaram mais de R$ 290 milh\u00f5es em neg\u00f3cios e contou com quase 800 mil visitantes. Uma pesquisa realizada pela FAET tamb\u00e9m apontou a relev\u00e2ncia dos eventos: 92% dos comerciantes entrevistados consideraram que durante as exposi\u00e7\u00f5es a comercializa\u00e7\u00e3o e faturamento chegam a ser melhor do que no Natal.<\/p>\n<p>&nbsp;<\/p>\n<p>Durante a audi\u00eancia, o presidente Paulo Carneiro comunicou que os sindicatos rurais, com o apoio da federa\u00e7\u00e3o, est\u00e3o nos \u00faltimos ajustes do calend\u00e1rio para a realiza\u00e7\u00e3o das exposi\u00e7\u00f5es agropecu\u00e1rias e que, para isso, conta com o apoio do Governo do Estado. \u201cA previs\u00e3o \u00e9 que de abril a novembro de 2024 sejam realizadas 36 pecu\u00e1rias. S\u00e3o eventos que geram empregos, fomentam neg\u00f3cios e oportunidades para o setor, por isso a import\u00e2ncia do apoio do governo\u201d, destacou.<\/p>\n<p><img decoding=\"async\" class=\"alignnone wp-image-1648 size-full\" src=\"https:\/\/sistemafaetsenar.org.br\/faet\/wp-content\/uploads\/2024\/02\/363813.jpg\" alt=\"\" width=\"565\" height=\"349\" srcset=\"https:\/\/sistemafaetsenar.org.br\/faet\/wp-content\/uploads\/2024\/02\/363813.jpg 565w, https:\/\/sistemafaetsenar.org.br\/faet\/wp-content\/uploads\/2024\/02\/363813-300x185.jpg 300w\" sizes=\"(max-width: 565px) 100vw, 565px\" \/><\/p>\n<p>O Governador Wanderlei Barbosa reconheceu a import\u00e2ncia do setor agropecu\u00e1rio para a economia estadual e destacou, ainda, o impacto positivo das pol\u00edticas p\u00fablicas voltadas para o setor. Ele ressaltou a relev\u00e2ncia desses eventos ao afirmar que n\u00e3o vai apoiar s\u00f3 as feiras agropecu\u00e1rias, como tamb\u00e9m as principais feiras de neg\u00f3cios do Tocantins.\u00a0 \u201cQueremos incentivar tamb\u00e9m a instala\u00e7\u00e3o de agroind\u00fastrias em cidades do estado, que al\u00e9m de gerar oportunidades de trabalho para a popula\u00e7\u00e3o, tamb\u00e9m v\u00e3o beneficiar a produ\u00e7\u00e3o que \u00e9 cada vez maior no estado\u201d, afirmou.<\/p>\n<p><img decoding=\"async\" class=\"alignnone wp-image-1649 \" src=\"https:\/\/sistemafaetsenar.org.br\/faet\/wp-content\/uploads\/2024\/02\/Senar-162-1024x683.jpg\" alt=\"\" width=\"626\" height=\"417\" srcset=\"https:\/\/sistemafaetsenar.org.br\/faet\/wp-content\/uploads\/2024\/02\/Senar-162-1024x683.jpg 1024w, https:\/\/sistemafaetsenar.org.br\/faet\/wp-content\/uploads\/2024\/02\/Senar-162-300x200.jpg 300w, https:\/\/sistemafaetsenar.org.br\/faet\/wp-content\/uploads\/2024\/02\/Senar-162.jpg 2048w\" sizes=\"(max-width: 626px) 100vw, 626px\" \/><\/p>\n<p>A reuni\u00e3o contou com a participa\u00e7\u00e3o dos Secret\u00e1rios de Agricultura, Jaime Caf\u00e9, da ind\u00fastria e Com\u00e9rcio, Beto Lima e de Turismo, Hercy Filho.\u00a0 Tamb\u00e9m estavam presentes o Deputado Federal, Carlos Gaguim, o presidente da Assembleia Legislativa, deputado Am\u00e9lio Cayres, o presidente da Frente Parlamentar de Defesa do Agroneg\u00f3cio, o deputado estadual Gutierres Torquato e os deputados L\u00e9o Barbosa, Eduardo Fortes, Olyntho Neto e Valdemar J\u00fanior.<\/p>\n<p><img loading=\"lazy\" decoding=\"async\" class=\"alignnone wp-image-1650 size-full\" src=\"https:\/\/sistemafaetsenar.org.br\/faet\/wp-content\/uploads\/2024\/02\/363810.jpg\" alt=\"\" width=\"565\" height=\"349\" srcset=\"https:\/\/sistemafaetsenar.org.br\/faet\/wp-content\/uploads\/2024\/02\/363810.jpg 565w, https:\/\/sistemafaetsenar.org.br\/faet\/wp-content\/uploads\/2024\/02\/363810-300x185.jpg 300w\" sizes=\"(max-width: 565px) 100vw, 565px\" \/><\/p>\n","protected":false},"excerpt":{"rendered":"<p>\u201cAl\u00e9m de solicitar o apoio para as feiras agropecu\u00e1rias, o motivo dessa audi\u00eancia \u00e9 tamb\u00e9m de agradecer pelo apoio que o Governador tem dado ao agro tocantinense, n\u00e3o s\u00f3 por meio dos eventos, mas tamb\u00e9m na aten\u00e7\u00e3o com nossas rodovias, com a recupera\u00e7\u00e3o das estradas e com as demandas de ordem tribut\u00e1ria\u201d. As palavras s\u00e3o [&hellip;]<\/p>\n","protected":false},"author":3,"featured_media":1651,"comment_status":"open","ping_status":"open","sticky":false,"template":"","format":"standard","meta":{"kia_subtitle":"","footnotes":""},"categories":[26],"tags":[],"class_list":["post-1646","post","type-post","status-publish","format-standard","has-post-thumbnail","hentry","category-noticia-principal"],"_links":{"self":[{"href":"https:\/\/sistemafaetsenar.org.br\/faet\/wp-json\/wp\/v2\/posts\/1646"}],"collection":[{"href":"https:\/\/sistemafaetsenar.org.br\/faet\/wp-json\/wp\/v2\/posts"}],"about":[{"href":"https:\/\/sistemafaetsenar.org.br\/faet\/wp-json\/wp\/v2\/types\/post"}],"author":[{"embeddable":true,"href":"https:\/\/sistemafaetsenar.org.br\/faet\/wp-json\/wp\/v2\/users\/3"}],"replies":[{"embeddable":true,"href":"https:\/\/sistemafaetsenar.org.br\/faet\/wp-json\/wp\/v2\/comments?post=1646"}],"version-history":[{"count":0,"href":"https:\/\/sistemafaetsenar.org.br\/faet\/wp-json\/wp\/v2\/posts\/1646\/revisions"}],"wp:featuredmedia":[{"embeddable":true,"href":"https:\/\/sistemafaetsenar.org.br\/faet\/wp-json\/wp\/v2\/media\/1651"}],"wp:attachment":[{"href":"https:\/\/sistemafaetsenar.org.br\/faet\/wp-json\/wp\/v2\/media?parent=1646"}],"wp:term":[{"taxonomy":"category","embeddable":true,"href":"https:\/\/sistemafaetsenar.org.br\/faet\/wp-json\/wp\/v2\/categories?post=1646"},{"taxonomy":"post_tag","embeddable":true,"href":"https:\/\/sistemafaetsenar.org.br\/faet\/wp-json\/wp\/v2\/tags?post=1646"}],"curies":[{"name":"wp","href":"https:\/\/api.w.org\/{rel}","templated":true}]}}