{"id":1636,"date":"2024-01-25T14:29:38","date_gmt":"2024-01-25T17:29:38","guid":{"rendered":"https:\/\/sistemafaetsenar.org.br\/faet\/?p=1636"},"modified":"2024-01-25T16:51:32","modified_gmt":"2024-01-25T19:51:32","slug":"comitiva-dos-estados-unidos-visita-lavouras-de-soja-no-tocantins","status":"publish","type":"post","link":"https:\/\/sistemafaetsenar.org.br\/faet\/comitiva-dos-estados-unidos-visita-lavouras-de-soja-no-tocantins\/","title":{"rendered":"Comitiva dos Estados Unidos visita lavouras de soja no Tocantins"},"content":{"rendered":"<p>O presidente do sistema FAET\/Senar, Paulo Carneiro, recebeu em Palmas uma comitiva organizada pela Embaixada dos Estados Unidos que est\u00e1 visitando \u00e1reas agr\u00edcolas no Brasil. A comitiva \u00e9 composta pela Dra. Sunita Yadav-Pauletti, do Departamento de Agricultura dos EUA, em Washington, por Joseph Collins Degreenia, Adido Agr\u00edcola da Embaixada dos EUA em Bras\u00edlia e Marcos Vin\u00edcius Sasso Bento, Especialista Agr\u00edcola da Embaixada americana.<\/p>\n<p><img fetchpriority=\"high\" decoding=\"async\" class=\"alignnone wp-image-1640 size-full\" src=\"https:\/\/sistemafaetsenar.org.br\/faet\/wp-content\/uploads\/2024\/01\/COMITIVA-DOS-ESTADOS-UNIDOS-VISITA-LAVOURAS-DE-SOJA-NO-TOCANTINS-4.jpeg\" alt=\"\" width=\"1024\" height=\"768\" srcset=\"https:\/\/sistemafaetsenar.org.br\/faet\/wp-content\/uploads\/2024\/01\/COMITIVA-DOS-ESTADOS-UNIDOS-VISITA-LAVOURAS-DE-SOJA-NO-TOCANTINS-4.jpeg 1024w, https:\/\/sistemafaetsenar.org.br\/faet\/wp-content\/uploads\/2024\/01\/COMITIVA-DOS-ESTADOS-UNIDOS-VISITA-LAVOURAS-DE-SOJA-NO-TOCANTINS-4-300x225.jpeg 300w\" sizes=\"(max-width: 1024px) 100vw, 1024px\" \/><\/p>\n<p>Segundo Sunita Yadav-Pauletti, a inten\u00e7\u00e3o da miss\u00e3o americana, que tamb\u00e9m visitar\u00e1 o estado de Mato Grosso, \u00e9 conhecer os modelos de gest\u00e3o das propriedades rurais e, sobretudo, quais as estimativas e perspectivas da produ\u00e7\u00e3o de gr\u00e3os no Brasil, em especial a soja. \u201cViemos ao Tocantins porque quer\u00edamos n\u00e3o s\u00f3 conhecer uma regi\u00e3o com a atividade agr\u00edcola j\u00e1 consolidada, como em Mato Grosso, mas tamb\u00e9m uma regi\u00e3o promissora na \u00faltima fronteira agr\u00edcola do Brasil, onde o Tocantins \u00e9 refer\u00eancia\u201d, destacou.<\/p>\n<p><img decoding=\"async\" class=\"alignnone wp-image-1644 size-full\" src=\"https:\/\/sistemafaetsenar.org.br\/faet\/wp-content\/uploads\/2024\/01\/WhatsApp-Image-2024-01-25-at-14.25.20.jpeg\" alt=\"\" width=\"3506\" height=\"2268\" srcset=\"https:\/\/sistemafaetsenar.org.br\/faet\/wp-content\/uploads\/2024\/01\/WhatsApp-Image-2024-01-25-at-14.25.20.jpeg 3506w, https:\/\/sistemafaetsenar.org.br\/faet\/wp-content\/uploads\/2024\/01\/WhatsApp-Image-2024-01-25-at-14.25.20-300x194.jpeg 300w, https:\/\/sistemafaetsenar.org.br\/faet\/wp-content\/uploads\/2024\/01\/WhatsApp-Image-2024-01-25-at-14.25.20-1024x662.jpeg 1024w\" sizes=\"(max-width: 3506px) 100vw, 3506px\" \/><\/p>\n<p>&nbsp;<\/p>\n<p>Na sede da FAET, os membros da comitiva assistiram \u00e0 uma apresenta\u00e7\u00e3o do Sistema FAET\/Senar, as a\u00e7\u00f5es que a Federa\u00e7\u00e3o e o Senar desenvolvem em benef\u00edcio do produtor rural tocantinense e a contribui\u00e7\u00e3o das entidades na evolu\u00e7\u00e3o da produ\u00e7\u00e3o agropecu\u00e1ria do estado. O superintendente da FAET, Fred Sodr\u00e9 e o diretor de Educa\u00e7\u00e3o Profissional do Senar, Luiz Cl\u00e1udio Faria tamb\u00e9m apresentaram um panorama da produ\u00e7\u00e3o de gr\u00e3os no Tocantins.<\/p>\n<p><img decoding=\"async\" class=\"alignnone wp-image-1639 size-full\" src=\"https:\/\/sistemafaetsenar.org.br\/faet\/wp-content\/uploads\/2024\/01\/COMITIVA-DOS-ESTADOS-UNIDOS-VISITA-LAVOURAS-DE-SOJA-NO-TOCANTINS-10.jpeg\" alt=\"\" width=\"1600\" height=\"900\" srcset=\"https:\/\/sistemafaetsenar.org.br\/faet\/wp-content\/uploads\/2024\/01\/COMITIVA-DOS-ESTADOS-UNIDOS-VISITA-LAVOURAS-DE-SOJA-NO-TOCANTINS-10.jpeg 1600w, https:\/\/sistemafaetsenar.org.br\/faet\/wp-content\/uploads\/2024\/01\/COMITIVA-DOS-ESTADOS-UNIDOS-VISITA-LAVOURAS-DE-SOJA-NO-TOCANTINS-10-300x169.jpeg 300w, https:\/\/sistemafaetsenar.org.br\/faet\/wp-content\/uploads\/2024\/01\/COMITIVA-DOS-ESTADOS-UNIDOS-VISITA-LAVOURAS-DE-SOJA-NO-TOCANTINS-10-1024x576.jpeg 1024w\" sizes=\"(max-width: 1600px) 100vw, 1600px\" \/><\/p>\n<p>At\u00e9 o dia 26 de janeiro, a comitiva vai percorrer diversas propriedades rurais do Tocantins. Eles escolheram a regi\u00e3o sul do estado para priorizar nas visitas, principalmente fazendas de produ\u00e7\u00e3o de soja nos munic\u00edpios de Gurupi e Cariri. \u201cFicamos felizes com a escolha feita pela comitiva americana, o que demonstra o interesse que o Tocantins est\u00e1 despertando em todo o Brasil e no mundo por conta do imenso potencial que temos para produzir alimentos\u201d, afirmou Paulo Carneiro.<\/p>\n","protected":false},"excerpt":{"rendered":"<p>O presidente do sistema FAET\/Senar, Paulo Carneiro, recebeu em Palmas uma comitiva organizada pela Embaixada dos Estados Unidos que est\u00e1 visitando \u00e1reas agr\u00edcolas no Brasil. A comitiva \u00e9 composta pela Dra. Sunita Yadav-Pauletti, do Departamento de Agricultura dos EUA, em Washington, por Joseph Collins Degreenia, Adido Agr\u00edcola da Embaixada dos EUA em Bras\u00edlia e Marcos [&hellip;]<\/p>\n","protected":false},"author":3,"featured_media":1637,"comment_status":"open","ping_status":"open","sticky":false,"template":"","format":"standard","meta":{"kia_subtitle":"At\u00e9 o dia 26 de janeiro, a comitiva vai percorrer diversas propriedades rurais do Tocantins","footnotes":""},"categories":[12,15,26],"tags":[111,33,38],"class_list":["post-1636","post","type-post","status-publish","format-standard","has-post-thumbnail","hentry","category-agrononegocio","category-faet","category-noticia-principal","tag-embaixada-americana","tag-faet","tag-tocantins"],"_links":{"self":[{"href":"https:\/\/sistemafaetsenar.org.br\/faet\/wp-json\/wp\/v2\/posts\/1636"}],"collection":[{"href":"https:\/\/sistemafaetsenar.org.br\/faet\/wp-json\/wp\/v2\/posts"}],"about":[{"href":"https:\/\/sistemafaetsenar.org.br\/faet\/wp-json\/wp\/v2\/types\/post"}],"author":[{"embeddable":true,"href":"https:\/\/sistemafaetsenar.org.br\/faet\/wp-json\/wp\/v2\/users\/3"}],"replies":[{"embeddable":true,"href":"https:\/\/sistemafaetsenar.org.br\/faet\/wp-json\/wp\/v2\/comments?post=1636"}],"version-history":[{"count":0,"href":"https:\/\/sistemafaetsenar.org.br\/faet\/wp-json\/wp\/v2\/posts\/1636\/revisions"}],"wp:featuredmedia":[{"embeddable":true,"href":"https:\/\/sistemafaetsenar.org.br\/faet\/wp-json\/wp\/v2\/media\/1637"}],"wp:attachment":[{"href":"https:\/\/sistemafaetsenar.org.br\/faet\/wp-json\/wp\/v2\/media?parent=1636"}],"wp:term":[{"taxonomy":"category","embeddable":true,"href":"https:\/\/sistemafaetsenar.org.br\/faet\/wp-json\/wp\/v2\/categories?post=1636"},{"taxonomy":"post_tag","embeddable":true,"href":"https:\/\/sistemafaetsenar.org.br\/faet\/wp-json\/wp\/v2\/tags?post=1636"}],"curies":[{"name":"wp","href":"https:\/\/api.w.org\/{rel}","templated":true}]}}