{"id":1206,"date":"2023-10-02T17:32:35","date_gmt":"2023-10-02T20:32:35","guid":{"rendered":"https:\/\/sistemafaetsenar.org.br\/faet\/?p=1206"},"modified":"2024-01-19T17:32:53","modified_gmt":"2024-01-19T20:32:53","slug":"cna-jovem-tocantinense-avanca-para-a-trilha-nacional-do-programa","status":"publish","type":"post","link":"https:\/\/sistemafaetsenar.org.br\/faet\/cna-jovem-tocantinense-avanca-para-a-trilha-nacional-do-programa\/","title":{"rendered":"CNA Jovem: tocantinense avan\u00e7a para a trilha nacional do programa"},"content":{"rendered":"<p>Em uma conquista para o estado do Tocantins, um dos dez participantes da trilha estadual da 5\u00aa edi\u00e7\u00e3o do Programa CNA Jovem, se destacou e foi selecionado para competir na trilha nacional. Esta edi\u00e7\u00e3o teve 2.446 jovens inscritos de todo o Brasil e come\u00e7ou em novembro do ano passado. A iniciativa \u00e9 reconhecida por identificar e capacitar jovens de 22 a 30 anos, com forma\u00e7\u00e3o t\u00e9cnica ou superior no setor do agroneg\u00f3cio. Durante a jornada, os participantes aprimoram as habilidades de comunica\u00e7\u00e3o, autoconhecimento e lideran\u00e7a.<\/p>\n<p>&nbsp;<\/p>\n<p>A etapa nacional re\u00fane os melhores participantes, oferecendo caminhos para compartilhar conhecimento, ideias e solu\u00e7\u00f5es inovadoras para os desafios enfrentados pela agricultura brasileira. Nesta fase, os participantes recebem feedbacks aprofundados dos trabalhos desenvolvidos, participam de din\u00e2micas e oficinas pr\u00e1ticas que estimulam desafios individuais com maior qualidade e menor custo. Al\u00e9m disso, os finalistas t\u00eam a oportunidade de interagir com especialistas do setor.<\/p>\n<p>&nbsp;<\/p>\n<p>\u201cEstamos felizes com a sele\u00e7\u00e3o de um dos participantes do CNA Jovem aqui no Tocantins, isso serve como um incentivo para que outros jovens se engajem no programa e possam contribuir com o setor, bem como apresentar propostas de solu\u00e7\u00f5es para o Sistema FAET\/Senar &#8220;, disse Felipe Uassur\u00ea, gerente de Educa\u00e7\u00e3o Profissional e Promo\u00e7\u00e3o Social.<\/p>\n<p>&nbsp;<\/p>\n<p>F\u00e1bio Ribeiro, engenheiro agr\u00f4nomo e mestre em Agroenergia, conquistou um espa\u00e7o entre os jovens l\u00edderes do agro pelo pa\u00eds e representar\u00e1 o estado no programa. \u201cEstou ansioso para poder participar do encontro nacional, sei que ser\u00e1 uma grande oportunidade para que eu possa melhorar cada vez mais o meu senso de lideran\u00e7a e comunica\u00e7\u00e3o\u201d, destacou.<\/p>\n<figure id=\"attachment_1208\" aria-describedby=\"caption-attachment-1208\" style=\"width: 637px\" class=\"wp-caption alignnone\"><img fetchpriority=\"high\" decoding=\"async\" class=\"wp-image-1208 size-large\" src=\"https:\/\/sistemafaetsenar.org.br\/faet\/wp-content\/uploads\/2024\/01\/CNA-JOVEM-TOCANTINS_2023-10-02-175131_nwus-637x1024.jpeg\" alt=\"\" width=\"637\" height=\"1024\" srcset=\"https:\/\/sistemafaetsenar.org.br\/faet\/wp-content\/uploads\/2024\/01\/CNA-JOVEM-TOCANTINS_2023-10-02-175131_nwus-637x1024.jpeg 637w, https:\/\/sistemafaetsenar.org.br\/faet\/wp-content\/uploads\/2024\/01\/CNA-JOVEM-TOCANTINS_2023-10-02-175131_nwus-187x300.jpeg 187w, https:\/\/sistemafaetsenar.org.br\/faet\/wp-content\/uploads\/2024\/01\/CNA-JOVEM-TOCANTINS_2023-10-02-175131_nwus.jpeg 828w\" sizes=\"(max-width: 637px) 100vw, 637px\" \/><figcaption id=\"caption-attachment-1208\" class=\"wp-caption-text\"><em>(F\u00e1bio Ribeiro, jovem selecionado para competir na trilha nacional do programa)<\/em><\/figcaption><\/figure>\n<p>&nbsp;<\/p>\n<p>\u201cTemos jovens extraordin\u00e1rios e com muita compet\u00eancia, espero ver muitos deles na trilha nacional, levando e defendendo o nome do nosso estado\u201d, ressaltou a gestora do programa CNA Jovem no Tocantins, Aianny Barros.<\/p>\n<p>&nbsp;<\/p>\n<p><strong>Sobre o programa<\/strong><\/p>\n<p>&nbsp;<\/p>\n<p>O Programa CNA Jovem \u00e9 promovido pela Confedera\u00e7\u00e3o da Agricultura e Pecu\u00e1ria do Brasil (CNA) desde 2014. A iniciativa tem uma metodologia que trabalha desafios espec\u00edficos para cada estado, e durante o processo, os participantes com v\u00ednculo e atua\u00e7\u00e3o no agro t\u00eam a oportunidade de aprimorar habilidades em gest\u00e3o rural, empreendedorismo e tecnologia.<\/p>\n<p>&nbsp;<\/p>\n<p><img decoding=\"async\" class=\"size-full wp-image-993 aligncenter\" src=\"https:\/\/sistemafaetsenar.org.br\/faet\/wp-content\/uploads\/2024\/01\/FAET-SENAR-Sindicatos.png\" alt=\"\" width=\"200\" height=\"61\" \/><\/p>\n","protected":false},"excerpt":{"rendered":"<p>Em uma conquista para o estado do Tocantins, um dos dez participantes da trilha estadual da 5\u00aa edi\u00e7\u00e3o do Programa CNA Jovem, se destacou e foi selecionado para competir na trilha nacional. Esta edi\u00e7\u00e3o teve 2.446 jovens inscritos de todo o Brasil e come\u00e7ou em novembro do ano passado. A iniciativa \u00e9 reconhecida por identificar [&hellip;]<\/p>\n","protected":false},"author":3,"featured_media":1207,"comment_status":"open","ping_status":"open","sticky":false,"template":"","format":"standard","meta":{"kia_subtitle":"Nesta fase, os finalistas t\u00eam a oportunidade de interagir com especialistas do setor","footnotes":""},"categories":[1],"tags":[],"class_list":["post-1206","post","type-post","status-publish","format-standard","has-post-thumbnail","hentry","category-blog"],"_links":{"self":[{"href":"https:\/\/sistemafaetsenar.org.br\/faet\/wp-json\/wp\/v2\/posts\/1206"}],"collection":[{"href":"https:\/\/sistemafaetsenar.org.br\/faet\/wp-json\/wp\/v2\/posts"}],"about":[{"href":"https:\/\/sistemafaetsenar.org.br\/faet\/wp-json\/wp\/v2\/types\/post"}],"author":[{"embeddable":true,"href":"https:\/\/sistemafaetsenar.org.br\/faet\/wp-json\/wp\/v2\/users\/3"}],"replies":[{"embeddable":true,"href":"https:\/\/sistemafaetsenar.org.br\/faet\/wp-json\/wp\/v2\/comments?post=1206"}],"version-history":[{"count":0,"href":"https:\/\/sistemafaetsenar.org.br\/faet\/wp-json\/wp\/v2\/posts\/1206\/revisions"}],"wp:featuredmedia":[{"embeddable":true,"href":"https:\/\/sistemafaetsenar.org.br\/faet\/wp-json\/wp\/v2\/media\/1207"}],"wp:attachment":[{"href":"https:\/\/sistemafaetsenar.org.br\/faet\/wp-json\/wp\/v2\/media?parent=1206"}],"wp:term":[{"taxonomy":"category","embeddable":true,"href":"https:\/\/sistemafaetsenar.org.br\/faet\/wp-json\/wp\/v2\/categories?post=1206"},{"taxonomy":"post_tag","embeddable":true,"href":"https:\/\/sistemafaetsenar.org.br\/faet\/wp-json\/wp\/v2\/tags?post=1206"}],"curies":[{"name":"wp","href":"https:\/\/api.w.org\/{rel}","templated":true}]}}