{"id":1203,"date":"2023-04-14T17:23:24","date_gmt":"2023-04-14T20:23:24","guid":{"rendered":"https:\/\/sistemafaetsenar.org.br\/faet\/?p=1203"},"modified":"2024-01-19T17:23:39","modified_gmt":"2024-01-19T20:23:39","slug":"sistema-faet-senar-participa-da-abertura-da-7a-agrosudeste","status":"publish","type":"post","link":"https:\/\/sistemafaetsenar.org.br\/faet\/sistema-faet-senar-participa-da-abertura-da-7a-agrosudeste\/","title":{"rendered":"Sistema FAET\/Senar participa da abertura da 7\u00aa AgroSudeste"},"content":{"rendered":"<p>O presidente do Sistema Faet\/Senar, Paulo Carneiro, participou da abertura oficial da 7\u00b0 edi\u00e7\u00e3o do AgroSudeste, no munic\u00edpio de Almas &#8211; TO. Com o tema &#8220;Sustentabilidade no Campo&#8221;, a exposi\u00e7\u00e3o segue at\u00e9 o dia 15 de abril. Presente na abertura, o governador do Estado, Wanderlei Barbosa, aproveitou para anunciar mais R$ 500 mil para a realiza\u00e7\u00e3o das exposi\u00e7\u00f5es agropecu\u00e1rias neste ano.<\/p>\n<p>O apoio atendeu uma demanda solicitada pelo presidente da federa\u00e7\u00e3o. Agora, o valor ser\u00e1 somado aos R$ 5 milh\u00f5es j\u00e1 investidos pelo Governo. &#8220;N\u00e3o fazemos nada sozinho, \u00e9 uma soma de parcerias para que possamos fortalecer o agroneg\u00f3cio tocantinense&#8221;, disse o Governador.<\/p>\n<p>O presidente Paulo Carneiro, agradeceu o apoio e ressaltou a import\u00e2ncia dessas exposi\u00e7\u00f5es para o agro no estado. &#8220;\u00c9 o momento dos nossos produtores, empreendedores realizarem bons neg\u00f3cios e de fomentarmos nossa economia. \u00c9 o momento tamb\u00e9m de discutirmos pautas importantes como seguran\u00e7a jur\u00eddica, regulariza\u00e7\u00e3o e direito de propriedade&#8221;.<\/p>\n<p>Na ocasi\u00e3o, Paulo Carneiro tamb\u00e9m recebeu uma placa de reconhecimento ao apoio e dedica\u00e7\u00e3o na realiza\u00e7\u00e3o do evento e tamb\u00e9m parabenizou os organizadores da feira, o Governo do Tocantins e a Prefeitura de Almas.<\/p>\n<p>&nbsp;<\/p>\n<p><img decoding=\"async\" class=\"size-full wp-image-993 aligncenter\" src=\"https:\/\/sistemafaetsenar.org.br\/faet\/wp-content\/uploads\/2024\/01\/FAET-SENAR-Sindicatos.png\" alt=\"\" width=\"200\" height=\"61\" \/><\/p>\n","protected":false},"excerpt":{"rendered":"<p>O presidente do Sistema Faet\/Senar, Paulo Carneiro, participou da abertura oficial da 7\u00b0 edi\u00e7\u00e3o do AgroSudeste, no munic\u00edpio de Almas &#8211; TO. Com o tema &#8220;Sustentabilidade no Campo&#8221;, a exposi\u00e7\u00e3o segue at\u00e9 o dia 15 de abril. Presente na abertura, o governador do Estado, Wanderlei Barbosa, aproveitou para anunciar mais R$ 500 mil para a [&hellip;]<\/p>\n","protected":false},"author":3,"featured_media":1204,"comment_status":"open","ping_status":"open","sticky":false,"template":"","format":"standard","meta":{"kia_subtitle":"Com o tema \"Sustentabilidade no Campo\", exposi\u00e7\u00e3o segue at\u00e9 o dia 15 de abril","footnotes":""},"categories":[12,15,16],"tags":[110,33,74],"class_list":["post-1203","post","type-post","status-publish","format-standard","has-post-thumbnail","hentry","category-agrononegocio","category-faet","category-feiras-e-eventos","tag-agrosudeste","tag-faet","tag-feira-agropecuaria"],"_links":{"self":[{"href":"https:\/\/sistemafaetsenar.org.br\/faet\/wp-json\/wp\/v2\/posts\/1203"}],"collection":[{"href":"https:\/\/sistemafaetsenar.org.br\/faet\/wp-json\/wp\/v2\/posts"}],"about":[{"href":"https:\/\/sistemafaetsenar.org.br\/faet\/wp-json\/wp\/v2\/types\/post"}],"author":[{"embeddable":true,"href":"https:\/\/sistemafaetsenar.org.br\/faet\/wp-json\/wp\/v2\/users\/3"}],"replies":[{"embeddable":true,"href":"https:\/\/sistemafaetsenar.org.br\/faet\/wp-json\/wp\/v2\/comments?post=1203"}],"version-history":[{"count":0,"href":"https:\/\/sistemafaetsenar.org.br\/faet\/wp-json\/wp\/v2\/posts\/1203\/revisions"}],"wp:featuredmedia":[{"embeddable":true,"href":"https:\/\/sistemafaetsenar.org.br\/faet\/wp-json\/wp\/v2\/media\/1204"}],"wp:attachment":[{"href":"https:\/\/sistemafaetsenar.org.br\/faet\/wp-json\/wp\/v2\/media?parent=1203"}],"wp:term":[{"taxonomy":"category","embeddable":true,"href":"https:\/\/sistemafaetsenar.org.br\/faet\/wp-json\/wp\/v2\/categories?post=1203"},{"taxonomy":"post_tag","embeddable":true,"href":"https:\/\/sistemafaetsenar.org.br\/faet\/wp-json\/wp\/v2\/tags?post=1203"}],"curies":[{"name":"wp","href":"https:\/\/api.w.org\/{rel}","templated":true}]}}