{"id":1196,"date":"2023-06-05T17:10:34","date_gmt":"2023-06-05T20:10:34","guid":{"rendered":"https:\/\/sistemafaetsenar.org.br\/faet\/?p=1196"},"modified":"2024-01-19T17:11:41","modified_gmt":"2024-01-19T20:11:41","slug":"expoara-reforca-momento-de-retomada-do-otimismo-no-agro","status":"publish","type":"post","link":"https:\/\/sistemafaetsenar.org.br\/faet\/expoara-reforca-momento-de-retomada-do-otimismo-no-agro\/","title":{"rendered":"Expoara refor\u00e7a momento de retomada do otimismo no agro"},"content":{"rendered":"<p>A 55\u00aa Exposi\u00e7\u00e3o Agropecu\u00e1ria de Aragua\u00edna promete ser a \u201cExpoara das Expoaras\u201d. O evento tem expectativa de movimenta\u00e7\u00e3o financeira na ordem de R$ 200 milh\u00f5es e o n\u00famero de visitantes deve chegar a 150 mil pessoas nos dias de feira.<\/p>\n<p>&nbsp;<\/p>\n<p>\u201cN\u00f3s j\u00e1 sabemos da for\u00e7a de Aragua\u00edna no Agro e da influ\u00eancia que o sindicato daqui exerce nos munic\u00edpios da regi\u00e3o, por isso, com as parcerias n\u00e3o temos d\u00favida de que a Expoara ser\u00e1 um sucesso e o SRA est\u00e1 de parab\u00e9ns pela organiza\u00e7\u00e3o da exposi\u00e7\u00e3o\u201d, disse Paulo Carneiro, presidente da FAET.<\/p>\n<p>Durante a abertura do evento o clima de otimismo dominou os pronunciamentos das autoridades presentes. Para Wagner Borges, presidente do SR de Araguaina, a \u201cExpoara das expoaras \u00e9 uma prova de que o agro s\u00f3 avan\u00e7a quando a pol\u00edtica partid\u00e1ria n\u00e3o atrapalha.\u201c<\/p>\n<p>O governador em exerc\u00edcio, Laurez Moreira destacou o empenho do estado em fortalecer o setor e estimular os investimentos. \u201cReduzimos impostos, estamos recuperando as estradas e garantindo seguran\u00e7a no campo. Aqui n\u00e3o vamos aceitar invas\u00f5es\u201d, destacou.<\/p>\n<p>O agro \u00e9 respons\u00e1vel pelo crescimento da economia brasileira acima das expectativas no primeiro semestre de 2023. Para o secret\u00e1rio estadual da Agricultura, Jaime Caf\u00e9, \u201cisso \u00e9 resultado da uni\u00e3o de esfor\u00e7os\u201d.<\/p>\n<p>Para o diretor-superintendente do Sebrae Tocantins, R\u00e9risson Castro, a Expoara \u00e9 exemplo do que o agro \u00e9 capaz de fazer, mas ele tem consci\u00eancia de que \u201co sucesso do agroneg\u00f3cio no Tocantins est\u00e1 s\u00f3 no come\u00e7o, ainda temos muito espa\u00e7o pra crescer\u201d, afirmou.<\/p>\n<p>&nbsp;<\/p>\n<p><strong>Respeito<\/strong><\/p>\n<p>Em seu pronunciamento, o presidente Paulo Carneiro faz quest\u00e3o de destacar que o agro precisa ser entendido como setor que produz o alimento que chega \u00e0 mesa das pessoas, independente do porte do produtor ou da atividade que ele desenvolve.<\/p>\n<p>\u201cProdutor s\u00e3o todos aqueles que trabalham debaixo de chuva ou sol, diariamente, independente de ser pequeno, m\u00e9dio ou grande, por isso a sociedade precisa respeitar esse produtor e lembrar que \u00e9 ele que p\u00f5e comida na nossa mesa, ela n\u00e3o nasce nas g\u00f4ndolas dos supermercados\u201d, afirmou.<\/p>\n<p>A atua\u00e7\u00e3o do Senar Tocantins tamb\u00e9m foi destacada pelo presidente do sistema FAET\/Senar. Ele lembrou dos cursos e da assist\u00eancia t\u00e9cnica que \u00e9 realizada em Aragua\u00edna e regi\u00e3o.<\/p>\n<p>S\u00f3 este ano, o Senar j\u00e1 capacitou aproximadamente 200 trabalhadores rurais e mais de 500 produtores rurais est\u00e3o recebendo assist\u00eancia t\u00e9cnica e gerencial do Senar em suas propriedades rurais.<\/p>\n<p>A Expoara vai at\u00e9 o dia 12 de junho. Al\u00e9m das atra\u00e7\u00f5es art\u00edsticas e culturais, a feira tem exposi\u00e7\u00e3o de animais, de ve\u00edculos, m\u00e1quinas, insumos e implementos agr\u00edcolas. A feira tamb\u00e9m tem torneio leiteiro e de la\u00e7o, leil\u00f5es, e estandes de institui\u00e7\u00f5es banc\u00e1rias.<\/p>\n<p>&nbsp;<\/p>\n<p><img decoding=\"async\" class=\"size-full wp-image-993 aligncenter\" src=\"https:\/\/sistemafaetsenar.org.br\/faet\/wp-content\/uploads\/2024\/01\/FAET-SENAR-Sindicatos.png\" alt=\"\" width=\"200\" height=\"61\" \/><\/p>\n","protected":false},"excerpt":{"rendered":"<p>A 55\u00aa Exposi\u00e7\u00e3o Agropecu\u00e1ria de Aragua\u00edna promete ser a \u201cExpoara das Expoaras\u201d. O evento tem expectativa de movimenta\u00e7\u00e3o financeira na ordem de R$ 200 milh\u00f5es e o n\u00famero de visitantes deve chegar a 150 mil pessoas nos dias de feira. &nbsp; \u201cN\u00f3s j\u00e1 sabemos da for\u00e7a de Aragua\u00edna no Agro e da influ\u00eancia que o [&hellip;]<\/p>\n","protected":false},"author":3,"featured_media":1197,"comment_status":"open","ping_status":"open","sticky":false,"template":"","format":"standard","meta":{"kia_subtitle":"O evento tem expectativa de movimenta\u00e7\u00e3o financeira na ordem de R$ 200 milh\u00f5es","footnotes":""},"categories":[12,16],"tags":[108,33,66],"class_list":["post-1196","post","type-post","status-publish","format-standard","has-post-thumbnail","hentry","category-agrononegocio","category-feiras-e-eventos","tag-expoara","tag-faet","tag-sindicato-rural"],"_links":{"self":[{"href":"https:\/\/sistemafaetsenar.org.br\/faet\/wp-json\/wp\/v2\/posts\/1196"}],"collection":[{"href":"https:\/\/sistemafaetsenar.org.br\/faet\/wp-json\/wp\/v2\/posts"}],"about":[{"href":"https:\/\/sistemafaetsenar.org.br\/faet\/wp-json\/wp\/v2\/types\/post"}],"author":[{"embeddable":true,"href":"https:\/\/sistemafaetsenar.org.br\/faet\/wp-json\/wp\/v2\/users\/3"}],"replies":[{"embeddable":true,"href":"https:\/\/sistemafaetsenar.org.br\/faet\/wp-json\/wp\/v2\/comments?post=1196"}],"version-history":[{"count":0,"href":"https:\/\/sistemafaetsenar.org.br\/faet\/wp-json\/wp\/v2\/posts\/1196\/revisions"}],"wp:featuredmedia":[{"embeddable":true,"href":"https:\/\/sistemafaetsenar.org.br\/faet\/wp-json\/wp\/v2\/media\/1197"}],"wp:attachment":[{"href":"https:\/\/sistemafaetsenar.org.br\/faet\/wp-json\/wp\/v2\/media?parent=1196"}],"wp:term":[{"taxonomy":"category","embeddable":true,"href":"https:\/\/sistemafaetsenar.org.br\/faet\/wp-json\/wp\/v2\/categories?post=1196"},{"taxonomy":"post_tag","embeddable":true,"href":"https:\/\/sistemafaetsenar.org.br\/faet\/wp-json\/wp\/v2\/tags?post=1196"}],"curies":[{"name":"wp","href":"https:\/\/api.w.org\/{rel}","templated":true}]}}