{"id":1195,"date":"2023-06-20T17:16:44","date_gmt":"2023-06-20T20:16:44","guid":{"rendered":"https:\/\/sistemafaetsenar.org.br\/faet\/?p=1195"},"modified":"2024-01-19T17:17:01","modified_gmt":"2024-01-19T20:17:01","slug":"expoagro-em-marianopolis-movimenta-o-setor","status":"publish","type":"post","link":"https:\/\/sistemafaetsenar.org.br\/faet\/expoagro-em-marianopolis-movimenta-o-setor\/","title":{"rendered":"ExpoAgro em Marian\u00f3polis movimenta o setor"},"content":{"rendered":"<p>A ExpoAgro em Marian\u00f3polis promete movimentar o setor e oferecer oportunidades para o neg\u00f3cio local. Uma das novidades da edi\u00e7\u00e3o \u00e9 a presen\u00e7a da Ag\u00eancia de Fomento que visa facilitar o acesso ao cr\u00e9dito para os produtores rurais. A a\u00e7\u00e3o \u00e9 uma parceria com o sistema FAET\/Senar.<\/p>\n<p>Na abertura oficial da feira, o presidente do SR, Darci Dario, pontuou a for\u00e7a do agro na regi\u00e3o. Segundo ele, o munic\u00edpio \u00e9 o novo polo de gr\u00e3os do estado e j\u00e1 conta com 45 mil hectares de soja plantada.<\/p>\n<p>&#8220;Al\u00e9m da soja, temos milho, feij\u00e3o, girassol, sorgo entre outros. Nossa expo \u00e9 esperada o ano todo pelos comerciantes, pelos produtores e por nossa popula\u00e7\u00e3o&#8221;, afirmou.<\/p>\n<p>O presidente do Sistema FAET, Paulo Carneiro participou da abertura e parabenizou a organiza\u00e7\u00e3o e empenho do sindicato. Mais uma vez reafirmou o compromisso de levar para os produtores facilidades ao credito e oportunidades de neg\u00f3cios.<\/p>\n<p>&nbsp;<\/p>\n<p><img decoding=\"async\" class=\"size-full wp-image-993 aligncenter\" src=\"https:\/\/sistemafaetsenar.org.br\/faet\/wp-content\/uploads\/2024\/01\/FAET-SENAR-Sindicatos.png\" alt=\"\" width=\"200\" height=\"61\" \/><\/p>\n","protected":false},"excerpt":{"rendered":"<p>A ExpoAgro em Marian\u00f3polis promete movimentar o setor e oferecer oportunidades para o neg\u00f3cio local. Uma das novidades da edi\u00e7\u00e3o \u00e9 a presen\u00e7a da Ag\u00eancia de Fomento que visa facilitar o acesso ao cr\u00e9dito para os produtores rurais. A a\u00e7\u00e3o \u00e9 uma parceria com o sistema FAET\/Senar. Na abertura oficial da feira, o presidente do [&hellip;]<\/p>\n","protected":false},"author":3,"featured_media":1200,"comment_status":"open","ping_status":"open","sticky":false,"template":"","format":"standard","meta":{"kia_subtitle":"Uma das novidades da edi\u00e7\u00e3o \u00e9 a presen\u00e7a da Ag\u00eancia de Fomento que visa facilitar o acesso ao cr\u00e9dito para os produtores rurais","footnotes":""},"categories":[12,15,16],"tags":[32,74,109],"class_list":["post-1195","post","type-post","status-publish","format-standard","has-post-thumbnail","hentry","category-agrononegocio","category-faet","category-feiras-e-eventos","tag-agro","tag-feira-agropecuaria","tag-marianopolis"],"_links":{"self":[{"href":"https:\/\/sistemafaetsenar.org.br\/faet\/wp-json\/wp\/v2\/posts\/1195"}],"collection":[{"href":"https:\/\/sistemafaetsenar.org.br\/faet\/wp-json\/wp\/v2\/posts"}],"about":[{"href":"https:\/\/sistemafaetsenar.org.br\/faet\/wp-json\/wp\/v2\/types\/post"}],"author":[{"embeddable":true,"href":"https:\/\/sistemafaetsenar.org.br\/faet\/wp-json\/wp\/v2\/users\/3"}],"replies":[{"embeddable":true,"href":"https:\/\/sistemafaetsenar.org.br\/faet\/wp-json\/wp\/v2\/comments?post=1195"}],"version-history":[{"count":0,"href":"https:\/\/sistemafaetsenar.org.br\/faet\/wp-json\/wp\/v2\/posts\/1195\/revisions"}],"wp:featuredmedia":[{"embeddable":true,"href":"https:\/\/sistemafaetsenar.org.br\/faet\/wp-json\/wp\/v2\/media\/1200"}],"wp:attachment":[{"href":"https:\/\/sistemafaetsenar.org.br\/faet\/wp-json\/wp\/v2\/media?parent=1195"}],"wp:term":[{"taxonomy":"category","embeddable":true,"href":"https:\/\/sistemafaetsenar.org.br\/faet\/wp-json\/wp\/v2\/categories?post=1195"},{"taxonomy":"post_tag","embeddable":true,"href":"https:\/\/sistemafaetsenar.org.br\/faet\/wp-json\/wp\/v2\/tags?post=1195"}],"curies":[{"name":"wp","href":"https:\/\/api.w.org\/{rel}","templated":true}]}}