{"id":1191,"date":"2023-08-07T15:40:08","date_gmt":"2023-08-07T18:40:08","guid":{"rendered":"https:\/\/sistemafaetsenar.org.br\/faet\/?p=1191"},"modified":"2024-01-19T16:40:29","modified_gmt":"2024-01-19T19:40:29","slug":"sistema-faet-senar-inicia-acoes-do-projeto-campo-futuro","status":"publish","type":"post","link":"https:\/\/sistemafaetsenar.org.br\/faet\/sistema-faet-senar-inicia-acoes-do-projeto-campo-futuro\/","title":{"rendered":"Sistema FAET\/Senar inicia a\u00e7\u00f5es do projeto Campo Futuro"},"content":{"rendered":"<p>Realizado pelo Sistema CNA\/Senar e o Centro de Estudos Avan\u00e7ados em Economia (Cepea), o projeto Campo Futuro iniciou nesta semana a realiza\u00e7\u00e3o de a\u00e7\u00f5es em tr\u00eas munic\u00edpios do Tocantins. O projeto realiza o levantamento dos custos de produ\u00e7\u00e3o de diversas atividades agropecu\u00e1rias, com objetivo de reunir informa\u00e7\u00f5es sobre a realidade produtiva das regi\u00f5es.<\/p>\n<p>Nesta semana os munic\u00edpios visitados foram voltados para a atividade de Bovinocultura de Corte nas cidades de Para\u00edso, Aragua\u00e7u e Colinas. Segundo o Assessor T\u00e9cnico da CNA, Rafael Lima Filho, s\u00e3o realizadas entrevistas t\u00e9cnicas com produtores rurais para levantamento dos dados.<\/p>\n<p>&#8220;O foco \u00e9 gerar informa\u00e7\u00f5es e an\u00e1lises de mercado para aprimorar a gest\u00e3o rural, auxiliando o produtor na tomada de decis\u00f5es no dia a dia na sua atividade, para que ele obtenha mais rentabilidade e controle das despesas e investimentos. E isso s\u00f3 \u00e9 possivel conhecendo a realidade dessas regi\u00f5es&#8221;, explicou.<\/p>\n<p>Al\u00e9m dos produtores rurais, as a\u00e7\u00f5es tamb\u00e9m contaram com a presen\u00e7a e apoio dos sindicatos rurais desses munic\u00edpios.<\/p>\n<p>&nbsp;<\/p>\n<p><img decoding=\"async\" class=\"size-full wp-image-993 aligncenter\" src=\"https:\/\/sistemafaetsenar.org.br\/faet\/wp-content\/uploads\/2024\/01\/FAET-SENAR-Sindicatos.png\" alt=\"\" width=\"200\" height=\"61\" \/><\/p>\n","protected":false},"excerpt":{"rendered":"<p>Realizado pelo Sistema CNA\/Senar e o Centro de Estudos Avan\u00e7ados em Economia (Cepea), o projeto Campo Futuro iniciou nesta semana a realiza\u00e7\u00e3o de a\u00e7\u00f5es em tr\u00eas munic\u00edpios do Tocantins. O projeto realiza o levantamento dos custos de produ\u00e7\u00e3o de diversas atividades agropecu\u00e1rias, com objetivo de reunir informa\u00e7\u00f5es sobre a realidade produtiva das regi\u00f5es. Nesta semana [&hellip;]<\/p>\n","protected":false},"author":3,"featured_media":1192,"comment_status":"open","ping_status":"open","sticky":false,"template":"","format":"standard","meta":{"kia_subtitle":"Munic\u00edpios visitados foram voltados para a atividade de Bovinocultura de Corte nas cidades de Para\u00edso, Aragua\u00e7u e Colinas","footnotes":""},"categories":[12,15],"tags":[107,33,38],"class_list":["post-1191","post","type-post","status-publish","format-standard","has-post-thumbnail","hentry","category-agrononegocio","category-faet","tag-campo-futuro","tag-faet","tag-tocantins"],"_links":{"self":[{"href":"https:\/\/sistemafaetsenar.org.br\/faet\/wp-json\/wp\/v2\/posts\/1191"}],"collection":[{"href":"https:\/\/sistemafaetsenar.org.br\/faet\/wp-json\/wp\/v2\/posts"}],"about":[{"href":"https:\/\/sistemafaetsenar.org.br\/faet\/wp-json\/wp\/v2\/types\/post"}],"author":[{"embeddable":true,"href":"https:\/\/sistemafaetsenar.org.br\/faet\/wp-json\/wp\/v2\/users\/3"}],"replies":[{"embeddable":true,"href":"https:\/\/sistemafaetsenar.org.br\/faet\/wp-json\/wp\/v2\/comments?post=1191"}],"version-history":[{"count":0,"href":"https:\/\/sistemafaetsenar.org.br\/faet\/wp-json\/wp\/v2\/posts\/1191\/revisions"}],"wp:featuredmedia":[{"embeddable":true,"href":"https:\/\/sistemafaetsenar.org.br\/faet\/wp-json\/wp\/v2\/media\/1192"}],"wp:attachment":[{"href":"https:\/\/sistemafaetsenar.org.br\/faet\/wp-json\/wp\/v2\/media?parent=1191"}],"wp:term":[{"taxonomy":"category","embeddable":true,"href":"https:\/\/sistemafaetsenar.org.br\/faet\/wp-json\/wp\/v2\/categories?post=1191"},{"taxonomy":"post_tag","embeddable":true,"href":"https:\/\/sistemafaetsenar.org.br\/faet\/wp-json\/wp\/v2\/tags?post=1191"}],"curies":[{"name":"wp","href":"https:\/\/api.w.org\/{rel}","templated":true}]}}