{"id":1184,"date":"2023-09-19T16:26:20","date_gmt":"2023-09-19T19:26:20","guid":{"rendered":"https:\/\/sistemafaetsenar.org.br\/faet\/?p=1184"},"modified":"2024-01-19T16:26:40","modified_gmt":"2024-01-19T19:26:40","slug":"faet-e-as-demandas-emergenciais-para-pecuaristas","status":"publish","type":"post","link":"https:\/\/sistemafaetsenar.org.br\/faet\/faet-e-as-demandas-emergenciais-para-pecuaristas\/","title":{"rendered":"FAET e as demandas emergenciais para pecuaristas"},"content":{"rendered":"<p>O presidente do sistema FAET\/Senar, Paulo Carneiro, defende que somente o implemento de medidas emergenciais para apoiar a pecu\u00e1ria do Tocantins e do Brasil podem amenizar o quadro preocupante do setor. Em recente levantamento, a entidade constatou que 60% dos produtores tocantinenses entrevistados afirmaram que possuem parcelas de empr\u00e9stimos e financiamentos em atraso e que 95% desse total passaram a atrasar os pagamentos nos \u00faltimos quatro meses.<\/p>\n<p>&nbsp;<\/p>\n<p>A pesquisa do Sistema FAET\/Senar apontou que 42% dos produtores entrevistados est\u00e3o tendo dificuldade de renegocia\u00e7\u00e3o junto \u00e0s institui\u00e7\u00f5es financeiras e 37% n\u00e3o procuraram o banco ainda \u00e0 espera de melhores condi\u00e7\u00f5es. Dos entrevistados, 39,5% dos produtores que participaram da pesquisa cobram algum tipo de aux\u00edlio para as renegocia\u00e7\u00f5es.<\/p>\n<p>&nbsp;<\/p>\n<p>Por conta desta grave crise do setor, no in\u00edcio de setembro, Paulo Carneiro foi a Bras\u00edlia onde visitou parlamentares tocantinenses expondo a situa\u00e7\u00e3o e cobrando a\u00e7\u00f5es que pudessem amparar o produtor neste momento de dificuldade. O presidente tamb\u00e9m foi \u00e0 CNA (Confedera\u00e7\u00e3o de Agricultura e Pecu\u00e1ria do Brasil) onde apresentou ao presidente Jo\u00e3o Martins o diagn\u00f3stico dos produtores tocantinenses.<\/p>\n<p>&nbsp;<\/p>\n<p>Dados da CNA atestam que a queda nas exporta\u00e7\u00f5es de carne bovina chegou a 23% no volume, o consumo interno est\u00e1 estagnado por isso a arroba do boi registrou queda hist\u00f3rica. No caso do leite, a importa\u00e7\u00e3o subiu 200%, al\u00e9m do setor estar enfrentando a concorr\u00eancia desleal que o leite subsidiado pelo governo da Argentina est\u00e1 gerando no Brasil.<\/p>\n<p>&nbsp;<\/p>\n<p>A CNA registrou ainda que o pre\u00e7o m\u00e9dio da arroba do boi caiu 34% nos \u00faltimos doze meses e, nesse per\u00edodo, os custos de produ\u00e7\u00e3o reduziram somente 11%. A mesma situa\u00e7\u00e3o atinge os produtores de leite. O levantamento da Confedera\u00e7\u00e3o revela que o pre\u00e7o do litro de leite caiu em m\u00e9dia 27%, enquanto que os custos de produ\u00e7\u00e3o diminu\u00edram apenas 7%.<\/p>\n<p>&nbsp;<\/p>\n<p>\u201cEstamos assistindo um dos per\u00edodos mais cr\u00edticos da hist\u00f3ria da pecu\u00e1ria brasileira. Por um lado, o produtor est\u00e1 vendo os pre\u00e7os dos seus produtos despencar e do outro os consumidores continuam pagando caro pela carne e pelo leite. As duas pontas est\u00e3o pagando caro por essa crise. Precisamos de uma a\u00e7\u00e3o urgente ou a situa\u00e7\u00e3o pode piorar ainda mais\u201d, disse o presidente da FAET.<\/p>\n<p>&nbsp;<\/p>\n<p><strong>Medidas urgentes<\/strong><\/p>\n<p>&nbsp;<\/p>\n<p>Atendendo ao clamor da FAET, das demais federa\u00e7\u00f5es e dos pecuaristas em geral, a CNA encaminhou ao Minist\u00e9rio da Agricultura um documento onde aponta algumas medidas emergenciais que precisam ser adotadas, com a interven\u00e7\u00e3o do Governo Federal, para amenizar a grave crise da pecu\u00e1ria brasileira.<\/p>\n<p>&nbsp;<\/p>\n<p>Uma das medidas \u00e9 a ado\u00e7\u00e3o de uma linha emergencial de Capital de Giro, uma forma de garantir um \u201crespiro\u201d aos produtores que, diante da preocupa\u00e7\u00e3o em honrar seus compromissos est\u00e3o vendendo seus animais acima da quantidade desejada e, consequentemente, reduzindo o plantel futuro de suas propriedades.<\/p>\n<p>&nbsp;<\/p>\n<p>A CNA tamb\u00e9m sugeriu o aumento do prazo de pagamento de linhas de cr\u00e9dito para reten\u00e7\u00e3o de matrizes para at\u00e9 36 meses, evitando que os pecuaristas sejam obrigados a desfazer dos animais e a prorroga\u00e7\u00e3o de pagamentos dos financiamentos em tr\u00eas anos, bem como ampliar o prazo para a quita\u00e7\u00e3o de linhas de cr\u00e9dito de gado para confinamento de seis pra doze meses, de compra de bezerros de 12 para 24 meses e demais linhas de cr\u00e9dito de 24 para 36 meses.<\/p>\n<p>&nbsp;<\/p>\n<p>O documento sugere que o Minist\u00e9rio da Agricultura tamb\u00e9m pleiteie que as eventuais parcelas em atraso de empr\u00e9stimos e financiamentos para o setor possam ser alongadas nas mesmas condi\u00e7\u00f5es sem custos adicionais.<\/p>\n<p>&nbsp;<\/p>\n<p><img decoding=\"async\" class=\"size-full wp-image-993 aligncenter\" src=\"https:\/\/sistemafaetsenar.org.br\/faet\/wp-content\/uploads\/2024\/01\/FAET-SENAR-Sindicatos.png\" alt=\"\" width=\"200\" height=\"61\" \/><\/p>\n","protected":false},"excerpt":{"rendered":"<p>O presidente do sistema FAET\/Senar, Paulo Carneiro, defende que somente o implemento de medidas emergenciais para apoiar a pecu\u00e1ria do Tocantins e do Brasil podem amenizar o quadro preocupante do setor. Em recente levantamento, a entidade constatou que 60% dos produtores tocantinenses entrevistados afirmaram que possuem parcelas de empr\u00e9stimos e financiamentos em atraso e que [&hellip;]<\/p>\n","protected":false},"author":3,"featured_media":1185,"comment_status":"open","ping_status":"open","sticky":false,"template":"","format":"standard","meta":{"kia_subtitle":"Assim como a CNA, entidade cobra apoio ao setor","footnotes":""},"categories":[12,15],"tags":[106,33,105],"class_list":["post-1184","post","type-post","status-publish","format-standard","has-post-thumbnail","hentry","category-agrononegocio","category-faet","tag-cna","tag-faet","tag-pecuaria"],"_links":{"self":[{"href":"https:\/\/sistemafaetsenar.org.br\/faet\/wp-json\/wp\/v2\/posts\/1184"}],"collection":[{"href":"https:\/\/sistemafaetsenar.org.br\/faet\/wp-json\/wp\/v2\/posts"}],"about":[{"href":"https:\/\/sistemafaetsenar.org.br\/faet\/wp-json\/wp\/v2\/types\/post"}],"author":[{"embeddable":true,"href":"https:\/\/sistemafaetsenar.org.br\/faet\/wp-json\/wp\/v2\/users\/3"}],"replies":[{"embeddable":true,"href":"https:\/\/sistemafaetsenar.org.br\/faet\/wp-json\/wp\/v2\/comments?post=1184"}],"version-history":[{"count":0,"href":"https:\/\/sistemafaetsenar.org.br\/faet\/wp-json\/wp\/v2\/posts\/1184\/revisions"}],"wp:featuredmedia":[{"embeddable":true,"href":"https:\/\/sistemafaetsenar.org.br\/faet\/wp-json\/wp\/v2\/media\/1185"}],"wp:attachment":[{"href":"https:\/\/sistemafaetsenar.org.br\/faet\/wp-json\/wp\/v2\/media?parent=1184"}],"wp:term":[{"taxonomy":"category","embeddable":true,"href":"https:\/\/sistemafaetsenar.org.br\/faet\/wp-json\/wp\/v2\/categories?post=1184"},{"taxonomy":"post_tag","embeddable":true,"href":"https:\/\/sistemafaetsenar.org.br\/faet\/wp-json\/wp\/v2\/tags?post=1184"}],"curies":[{"name":"wp","href":"https:\/\/api.w.org\/{rel}","templated":true}]}}