{"id":1177,"date":"2023-06-19T16:14:02","date_gmt":"2023-06-19T19:14:02","guid":{"rendered":"https:\/\/sistemafaetsenar.org.br\/faet\/?p=1177"},"modified":"2024-01-19T16:14:23","modified_gmt":"2024-01-19T19:14:23","slug":"encontro-estadual-marca-inicio-do-cna-jovem-no-tocantins","status":"publish","type":"post","link":"https:\/\/sistemafaetsenar.org.br\/faet\/encontro-estadual-marca-inicio-do-cna-jovem-no-tocantins\/","title":{"rendered":"Encontro estadual marca in\u00edcio do CNA Jovem no Tocantins"},"content":{"rendered":"<p>O programa CNA Jovem est\u00e1 na 5\u00aa edi\u00e7\u00e3o. Neste ano, a iniciativa teve quase 100 inscritos, e oito tocantinenses foram selecionados para participar dessa trajet\u00f3ria de desenvolvimento e lideran\u00e7a no setor agropecu\u00e1rio. A jornada tem como objetivo identificar, desenvolver e integrar lideran\u00e7as jovens espalhadas pelo Brasil. As atividades do programa foram divididas em duas trilhas: nacional e estadual, com a realiza\u00e7\u00e3o de oficinas digitais e encontros online e presenciais.<\/p>\n<p>No Tocantins, o primeiro encontro ser\u00e1 nos pr\u00f3ximos dias 17 e 18 de junho. O workshop \u201cDesafios e Resultados Esperados\u201d ser\u00e1 realizado em Palmas, na sede do Senar. Durante o evento, a palestra de tema &#8220;Desafios no Agro&#8221; ser\u00e1 ministrada pelo engenheiro agr\u00f4nomo, Thadeu Teixeira Junior, que atualmente \u00e9 professor e coordenador do curso de Agronomia do Centro Universit\u00e1rio Cat\u00f3lica do Tocantins &#8211; UniCat\u00f3lica.<\/p>\n<p>Este ano ter\u00e3o mais dois encontros estaduais, um em agosto e outro em outubro. Para o diretor de Educa\u00e7\u00e3o Profissional Rural do Senar, Luiz Cla\u00fadio Faria, os participantes do programa costumam ocupar fun\u00e7\u00f5es relevantes depois do CNA Jovem. \u201cAlguns assumem os neg\u00f3cios da fam\u00edlia, outros se sentem mais confiantes para o mercado de trabalho, inclusive o pr\u00f3prio Senar conta com colaboradores e prestadores de servi\u00e7o que passaram pelo programa\u201d, destacou.<\/p>\n<p>&nbsp;<\/p>\n<p><strong>Sele\u00e7\u00e3o<\/strong><\/p>\n<p>Os participantes selecionados t\u00eam forma\u00e7\u00e3o t\u00e9cnica, superior e v\u00ednculo com a agropecu\u00e1ria, e t\u00eam idade entre 22 e 30 anos. Por meio de mentorias e capacita\u00e7\u00f5es oferecidas pelo Senar, o programa estimula o p\u00fablico a desenvolver solu\u00e7\u00f5es para o setor agropecu\u00e1rio nas cinco \u00e1reas priorit\u00e1rias: educacional, empresarial, institucional, sindical e pol\u00edtico-partid\u00e1ria.<\/p>\n<p>No Tocantins est\u00e3o participando do programa: Ana Cec\u00edlia Ramalho dos Santos (Arraias), Gabriella de Souza Lima (Aragua\u00edna), Elson Martins Neves (Araguatins), Francisca Layana morais de Abreu (Araguatins), Rafael Caldeira do Nascimento (Taguatinga), Paula Peixoto (Dian\u00f3polis), F\u00e1bio Ribeiro da Silva Junior (Palmas) e Italo Schelive Correia (Palmas).<\/p>\n<p>&nbsp;<\/p>\n<p>&nbsp;<\/p>\n<p><img decoding=\"async\" class=\"size-full wp-image-993 aligncenter\" src=\"https:\/\/sistemafaetsenar.org.br\/faet\/wp-content\/uploads\/2024\/01\/FAET-SENAR-Sindicatos.png\" alt=\"\" width=\"200\" height=\"61\" \/><\/p>\n","protected":false},"excerpt":{"rendered":"<p>O programa CNA Jovem est\u00e1 na 5\u00aa edi\u00e7\u00e3o. Neste ano, a iniciativa teve quase 100 inscritos, e oito tocantinenses foram selecionados para participar dessa trajet\u00f3ria de desenvolvimento e lideran\u00e7a no setor agropecu\u00e1rio. A jornada tem como objetivo identificar, desenvolver e integrar lideran\u00e7as jovens espalhadas pelo Brasil. As atividades do programa foram divididas em duas trilhas: [&hellip;]<\/p>\n","protected":false},"author":3,"featured_media":1178,"comment_status":"open","ping_status":"open","sticky":false,"template":"","format":"standard","meta":{"kia_subtitle":"Oito participantes do Tocantins ter\u00e3o mais dois encontros estaduais","footnotes":""},"categories":[102,15,19],"tags":[100,103],"class_list":["post-1177","post","type-post","status-publish","format-standard","has-post-thumbnail","hentry","category-cna-jovem","category-faet","category-talentos","tag-cna-jovem","tag-lideranca-jovem"],"_links":{"self":[{"href":"https:\/\/sistemafaetsenar.org.br\/faet\/wp-json\/wp\/v2\/posts\/1177"}],"collection":[{"href":"https:\/\/sistemafaetsenar.org.br\/faet\/wp-json\/wp\/v2\/posts"}],"about":[{"href":"https:\/\/sistemafaetsenar.org.br\/faet\/wp-json\/wp\/v2\/types\/post"}],"author":[{"embeddable":true,"href":"https:\/\/sistemafaetsenar.org.br\/faet\/wp-json\/wp\/v2\/users\/3"}],"replies":[{"embeddable":true,"href":"https:\/\/sistemafaetsenar.org.br\/faet\/wp-json\/wp\/v2\/comments?post=1177"}],"version-history":[{"count":0,"href":"https:\/\/sistemafaetsenar.org.br\/faet\/wp-json\/wp\/v2\/posts\/1177\/revisions"}],"wp:featuredmedia":[{"embeddable":true,"href":"https:\/\/sistemafaetsenar.org.br\/faet\/wp-json\/wp\/v2\/media\/1178"}],"wp:attachment":[{"href":"https:\/\/sistemafaetsenar.org.br\/faet\/wp-json\/wp\/v2\/media?parent=1177"}],"wp:term":[{"taxonomy":"category","embeddable":true,"href":"https:\/\/sistemafaetsenar.org.br\/faet\/wp-json\/wp\/v2\/categories?post=1177"},{"taxonomy":"post_tag","embeddable":true,"href":"https:\/\/sistemafaetsenar.org.br\/faet\/wp-json\/wp\/v2\/tags?post=1177"}],"curies":[{"name":"wp","href":"https:\/\/api.w.org\/{rel}","templated":true}]}}