{"id":1165,"date":"2024-01-09T15:42:05","date_gmt":"2024-01-09T18:42:05","guid":{"rendered":"https:\/\/sistemafaetsenar.org.br\/faet\/?p=1165"},"modified":"2024-01-25T16:49:10","modified_gmt":"2024-01-25T19:49:10","slug":"decreto-emergencial-para-produtores-rurais","status":"publish","type":"post","link":"https:\/\/sistemafaetsenar.org.br\/faet\/decreto-emergencial-para-produtores-rurais\/","title":{"rendered":"Decreto Emergencial para produtores rurais"},"content":{"rendered":"<p>Representando o Sistema FAET\/Senar, o Diretor de Educa\u00e7\u00e3o Profissional Rural, Luiz Claudio Faria, participou da assinatura do decreto emergencial para produtores rurais, assinado nesta ter\u00e7a-feira, pelo Governador Wanderlei Barbosa, em seu gabinete.<\/p>\n<p>O Decreto N\u00ba 6.724, declara situa\u00e7\u00e3o de emerg\u00eancia devido \u00e0 estiagem prolongada no estado. Embasado na Constitui\u00e7\u00e3o Estadual e em leis federais, a medida visa reduzir os impactos causados pela seca e atender prontamente os produtores rurais prejudicados pelas condi\u00e7\u00f5es clim\u00e1ticas adversas ocorridas em 2023.<\/p>\n<p>No in\u00edcio do m\u00eas, a Federa\u00e7\u00e3o da Agricultura e Pecu\u00e1ria do Tocantins, (FAET), havia enviado of\u00edcio junto ao Ministro da Agricultura e Abastecimento do Pa\u00eds, alertando \u00e0 situa\u00e7\u00e3o. \u201dO Tocantins est\u00e1 sentindo os impactos das varia\u00e7\u00f5es clim\u00e1ticas, da irregularidade do per\u00edodo chuvoso, das longas estiagens e secas prolongadas. Iniciamos o ano com um clima de incertezas e apreens\u00e3o\u201d.<\/p>\n<p>A FAET tamb\u00e9m havia alertado o Governo do Estado \u00e0 import\u00e2ncia do decreto para o amparo e a realiza\u00e7\u00e3o de a\u00e7\u00f5es emergenciais com o objetivo de apoiar os produtores, sobretudo os pequenos. A federa\u00e7\u00e3o mencionou tamb\u00e9m sobre as v\u00e1rias regi\u00f5es do estado que tiveram registros de produtores de gr\u00e3os que tiveram que fazer dois, tr\u00eas replantios por falta de chuva. Outros que perderam a oportunidade de fazer uma primeira safra, outros que desistiram de plantar.<\/p>\n<p>Para o sistema, a assinatura do decreto *\u00e9 um passo importante para minimizar os efeitos das situa\u00e7\u00f5es de anormalidade e melhorar o cen\u00e1rio do setor produtivo tocantinense.<\/p>\n<p>Durante o ato, o Governador destacou que \u201cTodo o setor produtivo do Tocantins e do Brasil sofreu muito com a estiagem provocada pelo o El Ni\u00f1o, principalmente nos meses de novembro e dezembro de 2023, dando um preju\u00edzo de aproximadamente 30% da produ\u00e7\u00e3o. Ent\u00e3o, n\u00f3s estamos efetivando esse Decreto para amparar e para dar suporte aos impactados no Estado&#8221;, destacou.<\/p>\n","protected":false},"excerpt":{"rendered":"<p>Representando o Sistema FAET\/Senar, o Diretor de Educa\u00e7\u00e3o Profissional Rural, Luiz Claudio Faria, participou da assinatura do decreto emergencial para produtores rurais, assinado nesta ter\u00e7a-feira, pelo Governador Wanderlei Barbosa, em seu gabinete. O Decreto N\u00ba 6.724, declara situa\u00e7\u00e3o de emerg\u00eancia devido \u00e0 estiagem prolongada no estado. Embasado na Constitui\u00e7\u00e3o Estadual e em leis federais, a [&hellip;]<\/p>\n","protected":false},"author":3,"featured_media":1166,"comment_status":"open","ping_status":"open","sticky":false,"template":"","format":"standard","meta":{"kia_subtitle":"FAET havia alertado Governo para a realiza\u00e7\u00e3o da a\u00e7\u00e3o emergencial","footnotes":""},"categories":[1,26],"tags":[],"class_list":["post-1165","post","type-post","status-publish","format-standard","has-post-thumbnail","hentry","category-blog","category-noticia-principal"],"_links":{"self":[{"href":"https:\/\/sistemafaetsenar.org.br\/faet\/wp-json\/wp\/v2\/posts\/1165"}],"collection":[{"href":"https:\/\/sistemafaetsenar.org.br\/faet\/wp-json\/wp\/v2\/posts"}],"about":[{"href":"https:\/\/sistemafaetsenar.org.br\/faet\/wp-json\/wp\/v2\/types\/post"}],"author":[{"embeddable":true,"href":"https:\/\/sistemafaetsenar.org.br\/faet\/wp-json\/wp\/v2\/users\/3"}],"replies":[{"embeddable":true,"href":"https:\/\/sistemafaetsenar.org.br\/faet\/wp-json\/wp\/v2\/comments?post=1165"}],"version-history":[{"count":0,"href":"https:\/\/sistemafaetsenar.org.br\/faet\/wp-json\/wp\/v2\/posts\/1165\/revisions"}],"wp:featuredmedia":[{"embeddable":true,"href":"https:\/\/sistemafaetsenar.org.br\/faet\/wp-json\/wp\/v2\/media\/1166"}],"wp:attachment":[{"href":"https:\/\/sistemafaetsenar.org.br\/faet\/wp-json\/wp\/v2\/media?parent=1165"}],"wp:term":[{"taxonomy":"category","embeddable":true,"href":"https:\/\/sistemafaetsenar.org.br\/faet\/wp-json\/wp\/v2\/categories?post=1165"},{"taxonomy":"post_tag","embeddable":true,"href":"https:\/\/sistemafaetsenar.org.br\/faet\/wp-json\/wp\/v2\/tags?post=1165"}],"curies":[{"name":"wp","href":"https:\/\/api.w.org\/{rel}","templated":true}]}}