{"id":1164,"date":"2023-09-14T15:48:47","date_gmt":"2023-09-14T18:48:47","guid":{"rendered":"https:\/\/sistemafaetsenar.org.br\/faet\/?p=1164"},"modified":"2024-01-19T15:49:13","modified_gmt":"2024-01-19T18:49:13","slug":"sistema-faet-senar-realiza-reuniao-com-frente-parlamentar-do-agro-naturatins-e-secretaria-estadual-do-meio-ambiente","status":"publish","type":"post","link":"https:\/\/sistemafaetsenar.org.br\/faet\/sistema-faet-senar-realiza-reuniao-com-frente-parlamentar-do-agro-naturatins-e-secretaria-estadual-do-meio-ambiente\/","title":{"rendered":"Sistema FAET\/Senar realiza reuni\u00e3o com Frente Parlamentar do Agro, Naturatins e Secret\u00e1ria Estadual do Meio Ambiente"},"content":{"rendered":"<p>Cadastro Ambiental Rural, empr\u00e9stimos e financiamentos rurais foram temas da primeira reuni\u00e3o liderada pelo Sistema FAET\/Senar com a Frente Parlamentar em Defesa do Agroneg\u00f3cio no Tocantins (FPA).Tamb\u00e9m participaram deste primeiro encontro o Naturatins, \u00f3rg\u00e3o ambiental do estado e\u00a0 a Secretaria Estadual do Meio Ambiente.<\/p>\n<p>&nbsp;<\/p>\n<p>\u201cFoi uma reuni\u00e3o hist\u00f3rica, o in\u00edcio de uma nova rela\u00e7\u00e3o da FAET com o parlamento tocantinense, por meio da FPA, onde iremos discutir os assuntos que preocupam o produtor rural e s\u00e3o de fundamental import\u00e2ncia para o nosso setor\u201d, destacou Paulo Carneiro, presidente do sistema FAET.<\/p>\n<p>&nbsp;<\/p>\n<p>Uma das pautas tratadas no encontro foi a situa\u00e7\u00e3o dos empr\u00e9stimos dos produtores rurais do Tocantins junto aos bancos. Em pesquisa realizada pelo sistema e apresentada da reuni\u00e3o, cerca de 60% dos produtores entrevistados n\u00e3o est\u00e3o tendo condi\u00e7\u00f5es de pagarem suas d\u00edvidas pela falta de aux\u00edlio nas negocia\u00e7\u00f5es. Conforme o pecuarista e presidente do Sindicato Rural de Dois Irm\u00e3os, Francisco Tozzati, \u201co setor v\u00eam enfrentando muitos problemas pela queda do pre\u00e7o das mercadorias e dos compromissos que foram assumidos junto as institui\u00e7\u00f5es\u201d, explicou.<\/p>\n<p>&nbsp;<\/p>\n<p>Presente na reuni\u00e3o, o presidente da Frente Parlamentar, Gutierres Torquato, tamb\u00e9m pontuou que o n\u00edvel do endividamento do produtor \u00e9 por causa do atual cen\u00e1rio com a diminui\u00e7\u00e3o da arroba do gado e da saca da soja. \u201cA partir dessa reuni\u00e3o, queremos reunir com os superintendentes dos bancos para encontrar formar para que o produtor tenha as condi\u00e7\u00f5es necess\u00e1rias e mais folego para investir no agroneg\u00f3cio do Tocantins\u201d.<\/p>\n<p>&nbsp;<\/p>\n<p>Tamb\u00e9m esteve em pauta a situa\u00e7\u00e3o do Cadastro Ambiental Rural, onde o diretor de Gest\u00e3o e Regulariza\u00e7\u00e3o Ambiental, Felipe Mansur Pimp\u00e3o, apresentou relat\u00f3rios e abordou sobre os principais gargalos de regulariza\u00e7\u00e3o, como propriedades com reserva lega, assentamentos rurais e propriedades com disputas fundi\u00e1rias.<\/p>\n<p>&nbsp;<\/p>\n<p>J\u00e1 o Secret\u00e1rio do Meio Ambiente e Recursos H\u00eddricos, Marcello Lelis, explicou sobre a implanta\u00e7\u00e3o do Programa Jurisdicional de REDD+ do Tocantins, que pontuou os passos seguidos pelo Tocantins para conseguir comercializar cr\u00e9ditos de carbono. \u201cJ\u00e1 recebemos no \u00faltimo dia 05 de setembro os primeiros recursos. Este \u00e9 um programa que vai transformar toda a pol\u00edtica ambiental do estado\u201d. O secret\u00e1rio deixou tamb\u00e9m um recado para os presentes. \u201cN\u00f3s temos que andar juntos, agro e meio ambiente. Esse \u00e9 o \u00fanico caminho\u201d.<\/p>\n<p>&nbsp;<\/p>\n<p><strong>Aprova\u00e7\u00e3o da Medida Provis\u00f3ria<\/strong><\/p>\n<p>&nbsp;<\/p>\n<p>A Aprova\u00e7\u00e3o da MP n\u00ba 12 que reduz em 5% o ICMS da al\u00edquota do gado no estado, tamb\u00e9m foi celebrada durante o encontro. Uma conquista do Sistema FAET\/Senar, da Frente Parlamentar do Agro e dos produtores rurais e que agora virou lei. \u201cConseguimos sair de 12% para 7%, isso \u00e9 fruto de esfor\u00e7o e luta do nosso setor, afinal, sabemos que o produtor tendo melhores condi\u00e7\u00f5es s\u00f3 ir\u00e1 fomentar cada vez mais a nossa economia\u201d, disse o Presidente do Sistema FAET\/Senar, Paulo Carneiro. Ele tamb\u00e9m comemorou o sucesso da reuni\u00e3o, informando que \u201cessa \u00e9 a primeira de muitas que visam atender as necessidades do homem do campo\u201d.<\/p>\n<p>&nbsp;<\/p>\n<p><img decoding=\"async\" class=\"alignnone size-full wp-image-993 aligncenter\" src=\"https:\/\/sistemafaetsenar.org.br\/faet\/wp-content\/uploads\/2024\/01\/FAET-SENAR-Sindicatos.png\" alt=\"\" width=\"200\" height=\"61\" \/><\/p>\n","protected":false},"excerpt":{"rendered":"<p>Cadastro Ambiental Rural, empr\u00e9stimos e financiamentos rurais foram temas da primeira reuni\u00e3o liderada pelo Sistema FAET\/Senar com a Frente Parlamentar em Defesa do Agroneg\u00f3cio no Tocantins (FPA).Tamb\u00e9m participaram deste primeiro encontro o Naturatins, \u00f3rg\u00e3o ambiental do estado e\u00a0 a Secretaria Estadual do Meio Ambiente. &nbsp; \u201cFoi uma reuni\u00e3o hist\u00f3rica, o in\u00edcio de uma nova rela\u00e7\u00e3o [&hellip;]<\/p>\n","protected":false},"author":3,"featured_media":1168,"comment_status":"open","ping_status":"open","sticky":false,"template":"","format":"standard","meta":{"kia_subtitle":"O encontro tratou de assuntos como Cadastro Ambiental Rural, empr\u00e9stimos e financiamentos","footnotes":""},"categories":[15,54],"tags":[97,98,33,99],"class_list":["post-1164","post","type-post","status-publish","format-standard","has-post-thumbnail","hentry","category-faet","category-frente-parlamentar-do-agro","tag-cadastro-ambiental-rural","tag-emprestimo","tag-faet","tag-financiamentos"],"_links":{"self":[{"href":"https:\/\/sistemafaetsenar.org.br\/faet\/wp-json\/wp\/v2\/posts\/1164"}],"collection":[{"href":"https:\/\/sistemafaetsenar.org.br\/faet\/wp-json\/wp\/v2\/posts"}],"about":[{"href":"https:\/\/sistemafaetsenar.org.br\/faet\/wp-json\/wp\/v2\/types\/post"}],"author":[{"embeddable":true,"href":"https:\/\/sistemafaetsenar.org.br\/faet\/wp-json\/wp\/v2\/users\/3"}],"replies":[{"embeddable":true,"href":"https:\/\/sistemafaetsenar.org.br\/faet\/wp-json\/wp\/v2\/comments?post=1164"}],"version-history":[{"count":0,"href":"https:\/\/sistemafaetsenar.org.br\/faet\/wp-json\/wp\/v2\/posts\/1164\/revisions"}],"wp:featuredmedia":[{"embeddable":true,"href":"https:\/\/sistemafaetsenar.org.br\/faet\/wp-json\/wp\/v2\/media\/1168"}],"wp:attachment":[{"href":"https:\/\/sistemafaetsenar.org.br\/faet\/wp-json\/wp\/v2\/media?parent=1164"}],"wp:term":[{"taxonomy":"category","embeddable":true,"href":"https:\/\/sistemafaetsenar.org.br\/faet\/wp-json\/wp\/v2\/categories?post=1164"},{"taxonomy":"post_tag","embeddable":true,"href":"https:\/\/sistemafaetsenar.org.br\/faet\/wp-json\/wp\/v2\/tags?post=1164"}],"curies":[{"name":"wp","href":"https:\/\/api.w.org\/{rel}","templated":true}]}}