{"id":1160,"date":"2023-09-18T12:30:45","date_gmt":"2023-09-18T15:30:45","guid":{"rendered":"https:\/\/sistemafaetsenar.org.br\/faet\/?p=1160"},"modified":"2024-01-19T15:31:07","modified_gmt":"2024-01-19T18:31:07","slug":"sistema-faet-marca-presenca-em-reuniao-sobre-o-plano-safra-promovida-pelo-sindicato-rural-de-palmeiropolis","status":"publish","type":"post","link":"https:\/\/sistemafaetsenar.org.br\/faet\/sistema-faet-marca-presenca-em-reuniao-sobre-o-plano-safra-promovida-pelo-sindicato-rural-de-palmeiropolis\/","title":{"rendered":"Sistema FAET marca presen\u00e7a em reuni\u00e3o sobre o Plano Safra promovida pelo Sindicato Rural de Palmeir\u00f3polis"},"content":{"rendered":"<p>O Sindicato Rural de Palmeir\u00f3polis, em parceria com o Sistema FAET\/Senar, Minist\u00e9rio de Desenvolvimento Agr\u00e1rio e Agricultura Familiar (MDA), Banco da Amaz\u00f4nia e a Companhia Nacional de Abastecimento (Conab), realizou a apresenta\u00e7\u00e3o do Plano Safra 2023\/2024. O evento ocorreu na C\u00e2mara de Vereadores e contou com a presen\u00e7a de produtores rurais dos munic\u00edpios de Palmeir\u00f3polis e S\u00e3o Salvador e membros do legislativo.<\/p>\n<p>&nbsp;<\/p>\n<p>A reuni\u00e3o abordou temas que v\u00e3o desde as condi\u00e7\u00f5es para o acesso ao cr\u00e9dito fundi\u00e1rio at\u00e9 pol\u00edticas destinadas \u00e0 agricultura familiar e ao fomento da agroind\u00fastria. Tamb\u00e9m foram detalhados os procedimentos de emiss\u00e3o do CAF (Cadastro Nacional da Agricultura Familiar) e a implementa\u00e7\u00e3o do PAA (Programa de Aquisi\u00e7\u00e3o de Alimentos). Arn\u00f3bio Queiroz, do Sindicato Rural de Ponte Alta do Bom Jesus, representou o presidente do sistema FAET\/Senar, Paulo Carneiro e parabenizou os envolvidos na reuni\u00e3o.<\/p>\n<p>&nbsp;<\/p>\n<p><strong>Informa\u00e7\u00e3o valiosa<\/strong><\/p>\n<p>&nbsp;<\/p>\n<p>\u201cO Governo deu \u00eanfase \u00e0s quest\u00f5es da agricultura familiar, com recursos assegurados, e o encontro foi muito proveitoso, fornecendo informa\u00e7\u00f5es valiosas aos presentes\u201d, destacou M\u00e9rcio Viana, presidente do Sindicato Rural de Palmeir\u00f3polis e S\u00e3o Salvador.<\/p>\n<p>&nbsp;<\/p>\n<p>\u201cFoi uma oportunidade \u00fanica que tivemos para dialogar com os produtores e expor com muita clareza que o Governo Federal e as institui\u00e7\u00f5es devem andar de m\u00e3os dadas em prol do agricultor\u201d, ressaltou o superintendente da Conab, Marco T\u00falio do Nascimento.<\/p>\n<p>&nbsp;<\/p>\n<p>Para Den\u00edlson Silva, gerente regional do Banco da Amaz\u00f4nia de Gurupi, a a\u00e7\u00e3o foi de grande relev\u00e2ncia, \u201cuma vez que tratou sobre o associativismo para os pequenos produtores e contribuiu para o fortalecimento do processo produtivo\u201d, disse.<\/p>\n<p>&nbsp;<\/p>\n<p>\u201cEste encontro proporcionou um espa\u00e7o para que pud\u00e9ssemos informar aos agricultores sobre os direitos e pol\u00edticas p\u00fablicas que eles podem acessar\u201d, finalizou Diego Montelo, superintendente do MDA.<\/p>\n<p>&nbsp;<\/p>\n<p><img decoding=\"async\" class=\"size-full wp-image-993 aligncenter\" src=\"https:\/\/sistemafaetsenar.org.br\/faet\/wp-content\/uploads\/2024\/01\/FAET-SENAR-Sindicatos.png\" alt=\"\" width=\"200\" height=\"61\" \/><\/p>\n","protected":false},"excerpt":{"rendered":"<p>O Sindicato Rural de Palmeir\u00f3polis, em parceria com o Sistema FAET\/Senar, Minist\u00e9rio de Desenvolvimento Agr\u00e1rio e Agricultura Familiar (MDA), Banco da Amaz\u00f4nia e a Companhia Nacional de Abastecimento (Conab), realizou a apresenta\u00e7\u00e3o do Plano Safra 2023\/2024. O evento ocorreu na C\u00e2mara de Vereadores e contou com a presen\u00e7a de produtores rurais dos munic\u00edpios de Palmeir\u00f3polis [&hellip;]<\/p>\n","protected":false},"author":3,"featured_media":1162,"comment_status":"open","ping_status":"open","sticky":false,"template":"","format":"standard","meta":{"kia_subtitle":"A reuni\u00e3o contou com a presen\u00e7a de produtores rurais dos munic\u00edpios de Palmeir\u00f3polis e S\u00e3o Salvador e membros do legislativo.","footnotes":""},"categories":[15,58],"tags":[33,66,38],"class_list":["post-1160","post","type-post","status-publish","format-standard","has-post-thumbnail","hentry","category-faet","category-sindicato-rural","tag-faet","tag-sindicato-rural","tag-tocantins"],"_links":{"self":[{"href":"https:\/\/sistemafaetsenar.org.br\/faet\/wp-json\/wp\/v2\/posts\/1160"}],"collection":[{"href":"https:\/\/sistemafaetsenar.org.br\/faet\/wp-json\/wp\/v2\/posts"}],"about":[{"href":"https:\/\/sistemafaetsenar.org.br\/faet\/wp-json\/wp\/v2\/types\/post"}],"author":[{"embeddable":true,"href":"https:\/\/sistemafaetsenar.org.br\/faet\/wp-json\/wp\/v2\/users\/3"}],"replies":[{"embeddable":true,"href":"https:\/\/sistemafaetsenar.org.br\/faet\/wp-json\/wp\/v2\/comments?post=1160"}],"version-history":[{"count":0,"href":"https:\/\/sistemafaetsenar.org.br\/faet\/wp-json\/wp\/v2\/posts\/1160\/revisions"}],"wp:featuredmedia":[{"embeddable":true,"href":"https:\/\/sistemafaetsenar.org.br\/faet\/wp-json\/wp\/v2\/media\/1162"}],"wp:attachment":[{"href":"https:\/\/sistemafaetsenar.org.br\/faet\/wp-json\/wp\/v2\/media?parent=1160"}],"wp:term":[{"taxonomy":"category","embeddable":true,"href":"https:\/\/sistemafaetsenar.org.br\/faet\/wp-json\/wp\/v2\/categories?post=1160"},{"taxonomy":"post_tag","embeddable":true,"href":"https:\/\/sistemafaetsenar.org.br\/faet\/wp-json\/wp\/v2\/tags?post=1160"}],"curies":[{"name":"wp","href":"https:\/\/api.w.org\/{rel}","templated":true}]}}