{"id":1155,"date":"2023-10-31T11:24:20","date_gmt":"2023-10-31T14:24:20","guid":{"rendered":"https:\/\/sistemafaetsenar.org.br\/faet\/?p=1155"},"modified":"2024-01-19T15:24:57","modified_gmt":"2024-01-19T18:24:57","slug":"sistema-faet-senar-realiza-circuito-com-secretarios-municipais-de-agricultura","status":"publish","type":"post","link":"https:\/\/sistemafaetsenar.org.br\/faet\/sistema-faet-senar-realiza-circuito-com-secretarios-municipais-de-agricultura\/","title":{"rendered":"Sistema FAET\/Senar realiza circuito com Secret\u00e1rios Municipais de Agricultura"},"content":{"rendered":"<p>Apresentar a\u00e7\u00f5es e projetos que estimulem a produ\u00e7\u00e3o e melhoria da qualidade de vida no campo. Esse \u00e9 um dos objetivos do \u201cCircuito Senar \u2013 Oportunidades e Desafios\u201d, que ser\u00e1 realizado na pr\u00f3xima segunda-feira, 30\/11, no Kazara Eventos, em Palmas. O circuito \u00e9 uma iniciativa do Senar Tocantins e ter\u00e1 como atra\u00e7\u00e3o principal uma palestra sobre o \u201cC\u00e9rebro e Lideran\u00e7a\u201d, com o especialista em neuroci\u00eancia, Andr\u00e9 Davim, que ir\u00e1 apresentar t\u00e9cnicas com foco no aumento de performance no mundo corporativo.<\/p>\n<p>&nbsp;<\/p>\n<p>Na programa\u00e7\u00e3o tamb\u00e9m consta uma apresenta\u00e7\u00e3o do Sistema FAET\/Senar e os servi\u00e7os que a entidade promove para os produtores e trabalhadores rurais. Para a Superintendente do Senar, Rayley Luzza, a meta da institui\u00e7\u00e3o \u00e9 expandir suas a\u00e7\u00f5es. &#8220;Os resultados mostram que por onde o Senar passa ele promove transforma\u00e7\u00e3o. Tanto nas atividades rurais como na vida do homem do campo. Queremos que essa mudan\u00e7a chegue a mais pessoas pelo Estado. Isso gera riqueza para o produtor, divisas para os munic\u00edpios e o estado como um todo&#8221;, disse.<\/p>\n<p>&nbsp;<\/p>\n<p>Parceiro do evento, o Secret\u00e1rio Estadual de Agricultura, Jaime Caf\u00e9 vai fazer uma palestra sobre as \u201cPol\u00edticas P\u00fablicas do Governo do Tocantins para Agricultura e Pecu\u00e1ria\u201d. O evento vai contar com a presen\u00e7a de secret\u00e1rios municipais de Agricultura, prefeitos, al\u00e9m de representantes de autarquias federais e entidades ligadas ao setor.<\/p>\n<p>&nbsp;<\/p>\n<p>De acordo com o Diretor de Educa\u00e7\u00e3o e Promo\u00e7\u00e3o Social (DEPPS\/Senar), Luiz Claudio Faria, para que as a\u00e7\u00f5es de forma\u00e7\u00e3o profissional e assist\u00eancia t\u00e9cnica do SENAR sejam eficazes \u00e9 importante a integra\u00e7\u00e3o entre as pol\u00edticas p\u00fablicas. \u201cOs gestores municipais desempenham um papel fundamental, pois conhecem a realidade local e entendem as necessidades dos produtores rurais em seus munic\u00edpios. Essa proximidade nos permite estabelecer parcerias s\u00f3lidas, com o objetivo de ampliar e aprimorar nossos servi\u00e7os e atendimentos nessas regi\u00f5es\u201d, afirmou.<\/p>\n<p>&nbsp;<\/p>\n<p>Fabr\u00edcio Vasconcelos, Diretor de Assist\u00eancia T\u00e9cnica (ATeG\/Senar) destacou que em eventos como esse, o Senar tem condi\u00e7\u00f5es de mostrar toda a extens\u00e3o de suas a\u00e7\u00f5es e o poder de transforma\u00e7\u00e3o do trabalho que faz. Para ele, o Senar \u00e9 capaz de mudar a realidade no campo, sobretudo para aqueles produtores que n\u00e3o tem condi\u00e7\u00f5es de contratar profissionais para prestar assist\u00eancia nas propriedades. \u201cNosso trabalho \u00e9 proporcionar rentabilidade nos neg\u00f3cios dos produtores, evitando que desistam das atividades e, consequentemente vendam suas terras para viver nas cidades\u201d, destacou.<\/p>\n<p>&nbsp;<\/p>\n<p><strong>Confira a programa\u00e7\u00e3o:<\/strong><\/p>\n<p>&nbsp;<\/p>\n<p><img fetchpriority=\"high\" decoding=\"async\" class=\"alignnone wp-image-1156 size-large\" src=\"https:\/\/sistemafaetsenar.org.br\/faet\/wp-content\/uploads\/2024\/01\/Programacao-730x1024.jpeg\" alt=\"\" width=\"730\" height=\"1024\" srcset=\"https:\/\/sistemafaetsenar.org.br\/faet\/wp-content\/uploads\/2024\/01\/Programacao-730x1024.jpeg 730w, https:\/\/sistemafaetsenar.org.br\/faet\/wp-content\/uploads\/2024\/01\/Programacao-214x300.jpeg 214w, https:\/\/sistemafaetsenar.org.br\/faet\/wp-content\/uploads\/2024\/01\/Programacao.jpeg 1141w\" sizes=\"(max-width: 730px) 100vw, 730px\" \/><\/p>\n<p>&nbsp;<\/p>\n<p>&nbsp;<\/p>\n<p><img decoding=\"async\" class=\"size-full wp-image-993 aligncenter\" src=\"https:\/\/sistemafaetsenar.org.br\/faet\/wp-content\/uploads\/2024\/01\/FAET-SENAR-Sindicatos.png\" alt=\"\" width=\"200\" height=\"61\" \/><\/p>\n","protected":false},"excerpt":{"rendered":"<p>Apresentar a\u00e7\u00f5es e projetos que estimulem a produ\u00e7\u00e3o e melhoria da qualidade de vida no campo. Esse \u00e9 um dos objetivos do \u201cCircuito Senar \u2013 Oportunidades e Desafios\u201d, que ser\u00e1 realizado na pr\u00f3xima segunda-feira, 30\/11, no Kazara Eventos, em Palmas. O circuito \u00e9 uma iniciativa do Senar Tocantins e ter\u00e1 como atra\u00e7\u00e3o principal uma palestra [&hellip;]<\/p>\n","protected":false},"author":3,"featured_media":1157,"comment_status":"open","ping_status":"open","sticky":false,"template":"","format":"standard","meta":{"kia_subtitle":"Apresentar a\u00e7\u00f5es e projetos que estimulem a produ\u00e7\u00e3o e melhoria da qualidade de vida no campo","footnotes":""},"categories":[13,58],"tags":[96,33,89],"class_list":["post-1155","post","type-post","status-publish","format-standard","has-post-thumbnail","hentry","category-cursos-e-palestras","category-sindicato-rural","tag-circuito-senar","tag-faet","tag-sindicatos-rurais"],"_links":{"self":[{"href":"https:\/\/sistemafaetsenar.org.br\/faet\/wp-json\/wp\/v2\/posts\/1155"}],"collection":[{"href":"https:\/\/sistemafaetsenar.org.br\/faet\/wp-json\/wp\/v2\/posts"}],"about":[{"href":"https:\/\/sistemafaetsenar.org.br\/faet\/wp-json\/wp\/v2\/types\/post"}],"author":[{"embeddable":true,"href":"https:\/\/sistemafaetsenar.org.br\/faet\/wp-json\/wp\/v2\/users\/3"}],"replies":[{"embeddable":true,"href":"https:\/\/sistemafaetsenar.org.br\/faet\/wp-json\/wp\/v2\/comments?post=1155"}],"version-history":[{"count":0,"href":"https:\/\/sistemafaetsenar.org.br\/faet\/wp-json\/wp\/v2\/posts\/1155\/revisions"}],"wp:featuredmedia":[{"embeddable":true,"href":"https:\/\/sistemafaetsenar.org.br\/faet\/wp-json\/wp\/v2\/media\/1157"}],"wp:attachment":[{"href":"https:\/\/sistemafaetsenar.org.br\/faet\/wp-json\/wp\/v2\/media?parent=1155"}],"wp:term":[{"taxonomy":"category","embeddable":true,"href":"https:\/\/sistemafaetsenar.org.br\/faet\/wp-json\/wp\/v2\/categories?post=1155"},{"taxonomy":"post_tag","embeddable":true,"href":"https:\/\/sistemafaetsenar.org.br\/faet\/wp-json\/wp\/v2\/tags?post=1155"}],"curies":[{"name":"wp","href":"https:\/\/api.w.org\/{rel}","templated":true}]}}