{"id":1150,"date":"2023-11-24T15:05:49","date_gmt":"2023-11-24T18:05:49","guid":{"rendered":"https:\/\/sistemafaetsenar.org.br\/faet\/?p=1150"},"modified":"2024-01-25T14:30:42","modified_gmt":"2024-01-25T17:30:42","slug":"faet-realiza-8o-seminario-em-gestao-de-excelencia-sindical","status":"publish","type":"post","link":"https:\/\/sistemafaetsenar.org.br\/faet\/faet-realiza-8o-seminario-em-gestao-de-excelencia-sindical\/","title":{"rendered":"FAET realiza 8\u00ba Semin\u00e1rio em Gest\u00e3o de Excel\u00eancia Sindical"},"content":{"rendered":"<p>\u201cSomos uma entidade que trabalha em sintonia, sabendo do nosso compromisso com o produtor rural, com o setor agropecu\u00e1rio do Tocantins e tendo a consci\u00eancia de que nossa grande base s\u00e3o os Sindicatos Rurais&#8221;. As palavras do presidente do Sistema FAET\/Senar, Paulo Carneiro, deram in\u00edcio o \u201c8\u00ba Semin\u00e1rio em Gest\u00e3o de Excel\u00eancia Sindical\u201d, realizado em Miracema do Tocantins. Foram tr\u00eas dias de imers\u00e3o e troca de conhecimento entre os l\u00edderes sindicais.<\/p>\n<p>&nbsp;<\/p>\n<p>A superintendente do Senar, Rayley Luzza, apresentou aos presidentes um balan\u00e7o do sistema no ano de 2023. At\u00e9 o momento o sistema j\u00e1 realizou mais de 1.000 a\u00e7\u00f5es pelo estado e cerca de 23.000 pessoas atendidas, entre cursos de forma\u00e7\u00e3o profissional rural, palestras e a\u00e7\u00f5es de sa\u00fade. \u201cIsso mostra o crescimento do nosso estado, a busca por m\u00e3o de obra qualificada, por profissionaliza\u00e7\u00e3o e tamb\u00e9m o nosso empenho em atender essas demandas, oferecendo os melhores servi\u00e7os e atendendo produtores e trabalhadores com qualidade\u201d, afirmou.<\/p>\n<p>&nbsp;<\/p>\n<p>Durante o evento, os presidentes de sindicatos tamb\u00e9m participaram da palestra \u201cSinal verde para crescer de forma sustent\u00e1vel\u201d, com o consultor Omar Hennemann e de din\u00e2micas em grupo sobre planejamento de metas. O presidente do Sindicato Rural de Ja\u00fa do Tocantins, Luiz Carlos Marinho, parabenizou o semin\u00e1rio realizado pelo sistema \u201cAl\u00e9m da programa\u00e7\u00e3o t\u00e9cnica, tivemos a oportunidade de conversar com os outros sindicatos, entender o que est\u00e1 funcionando em cada regi\u00e3o e tamb\u00e9m de estar alinhados com a base\u201d, enfatizou.<\/p>\n<p>&nbsp;<\/p>\n<p>Na oportunidade, o coordenador de arrecada\u00e7\u00e3o sindical, Miller Santana, abordou tamb\u00e9m a nova portaria do Minist\u00e9rio do Trabalho que exige a atualiza\u00e7\u00e3o dos Sindicatos Rurais perante o minist\u00e9rio. Segundo ele, \u201cos sindicatos devem estar atentos ao cadastro junto ao \u00f3rg\u00e3o para evitar transtornos como o cancelamento do registro sindical\u201d. O evento encerrou com a apresenta\u00e7\u00e3o da expectativa de a\u00e7\u00f5es para o pr\u00f3ximo ano.<\/p>\n<p>&nbsp;<\/p>\n<p><img decoding=\"async\" class=\"size-full wp-image-993 aligncenter\" src=\"https:\/\/sistemafaetsenar.org.br\/faet\/wp-content\/uploads\/2024\/01\/FAET-SENAR-Sindicatos.png\" alt=\"\" width=\"200\" height=\"61\" \/><\/p>\n","protected":false},"excerpt":{"rendered":"<p>\u201cSomos uma entidade que trabalha em sintonia, sabendo do nosso compromisso com o produtor rural, com o setor agropecu\u00e1rio do Tocantins e tendo a consci\u00eancia de que nossa grande base s\u00e3o os Sindicatos Rurais&#8221;. As palavras do presidente do Sistema FAET\/Senar, Paulo Carneiro, deram in\u00edcio o \u201c8\u00ba Semin\u00e1rio em Gest\u00e3o de Excel\u00eancia Sindical\u201d, realizado em [&hellip;]<\/p>\n","protected":false},"author":3,"featured_media":1152,"comment_status":"open","ping_status":"open","sticky":false,"template":"","format":"standard","meta":{"kia_subtitle":"Foram tr\u00eas dias de imers\u00e3o e troca de conhecimento entre os l\u00edderes sindicais","footnotes":""},"categories":[15,58],"tags":[33,66,38],"class_list":["post-1150","post","type-post","status-publish","format-standard","has-post-thumbnail","hentry","category-faet","category-sindicato-rural","tag-faet","tag-sindicato-rural","tag-tocantins"],"_links":{"self":[{"href":"https:\/\/sistemafaetsenar.org.br\/faet\/wp-json\/wp\/v2\/posts\/1150"}],"collection":[{"href":"https:\/\/sistemafaetsenar.org.br\/faet\/wp-json\/wp\/v2\/posts"}],"about":[{"href":"https:\/\/sistemafaetsenar.org.br\/faet\/wp-json\/wp\/v2\/types\/post"}],"author":[{"embeddable":true,"href":"https:\/\/sistemafaetsenar.org.br\/faet\/wp-json\/wp\/v2\/users\/3"}],"replies":[{"embeddable":true,"href":"https:\/\/sistemafaetsenar.org.br\/faet\/wp-json\/wp\/v2\/comments?post=1150"}],"version-history":[{"count":0,"href":"https:\/\/sistemafaetsenar.org.br\/faet\/wp-json\/wp\/v2\/posts\/1150\/revisions"}],"wp:featuredmedia":[{"embeddable":true,"href":"https:\/\/sistemafaetsenar.org.br\/faet\/wp-json\/wp\/v2\/media\/1152"}],"wp:attachment":[{"href":"https:\/\/sistemafaetsenar.org.br\/faet\/wp-json\/wp\/v2\/media?parent=1150"}],"wp:term":[{"taxonomy":"category","embeddable":true,"href":"https:\/\/sistemafaetsenar.org.br\/faet\/wp-json\/wp\/v2\/categories?post=1150"},{"taxonomy":"post_tag","embeddable":true,"href":"https:\/\/sistemafaetsenar.org.br\/faet\/wp-json\/wp\/v2\/tags?post=1150"}],"curies":[{"name":"wp","href":"https:\/\/api.w.org\/{rel}","templated":true}]}}