{"id":1144,"date":"2023-11-10T14:46:57","date_gmt":"2023-11-10T17:46:57","guid":{"rendered":"https:\/\/sistemafaetsenar.org.br\/faet\/?p=1144"},"modified":"2024-01-19T14:47:26","modified_gmt":"2024-01-19T17:47:26","slug":"sistema-faet-senar-realiza-nova-etapa-de-programa-de-capacitacao-sindical","status":"publish","type":"post","link":"https:\/\/sistemafaetsenar.org.br\/faet\/sistema-faet-senar-realiza-nova-etapa-de-programa-de-capacitacao-sindical\/","title":{"rendered":"Sistema FAET\/Senar realiza nova etapa de programa de capacita\u00e7\u00e3o sindical"},"content":{"rendered":"<p>Com inten\u00e7\u00e3o de desenvolver as lideran\u00e7as rurais do agro tocantinense, o Sistema FAET\/Senar promoveu mais uma etapa do programa \u201cCapacita Sindicato Rural\u201d, em um dia de imers\u00e3o em Palmas, conduzido pelo especialista em Gest\u00e3o de Pessoas, o psic\u00f3logo Celso Garcia, que \u00e9 professor da Funda\u00e7\u00e3o Get\u00falio Vargas (FGV).<\/p>\n<p>&nbsp;<\/p>\n<p>\u201cNos propusemos neste m\u00f3dulo a fazer a entrega de tr\u00eas ferramentas muitos importantes para melhorar a gest\u00e3o dos sindicatos e, com isso, cumprir o compromisso de avan\u00e7ar na forma\u00e7\u00e3o dos l\u00edderes rurais do Tocantins\u201d, destacou o professor.<\/p>\n<p>&nbsp;<\/p>\n<p>Ele explicou que nesta etapa tratou das dimens\u00f5es do Pensar Estrat\u00e9gico, a metodologia pr\u00e1tica para a defini\u00e7\u00e3o de metas e elabora\u00e7\u00e3o de um plano de a\u00e7\u00e3o e, por fim, do uso de Intelig\u00eancia Artificial (I.A.) no dia a dia das entidades.<\/p>\n<p>&nbsp;<\/p>\n<p>\u201cQuando fui presidente de sindicato rural sentia a falta de uma qualifica\u00e7\u00e3o para ajudar a desempenhar melhor o nosso trabalho e isso me incomodava. Quando assume o comando da Federa\u00e7\u00e3o tracei como meta realizar uma capacita\u00e7\u00e3o de qualidade para os l\u00edderes sindicais de nosso estado e hoje fico emocionado de ver esse sonho se tornando realidade\u201d, disse Paulo Carneiro, presidente da FAET.<\/p>\n<p>&nbsp;<\/p>\n<p><strong>Satisfa\u00e7\u00e3o<\/strong><\/p>\n<p>&nbsp;<\/p>\n<p>Para o presidente do Sindicato Rural de Marian\u00f3polis, Darci D\u00e1rio, \u201co dia foi rico e intenso, a Federa\u00e7\u00e3o est\u00e1 de parab\u00e9ns\u201d. Jackson Lima, do Sindicato de Cristal\u00e2ndia disse que conheceu muita coisa que nem imaginava e que servem para o dia a dia. Gilv\u00e2nia Barros, presidente do Sindicato Rural de Alian\u00e7a, ficou empolgada com os ensinamentos e disse que a aula \u201campliou seus conhecimentos e despertou para o que pode ser feito\u201d.<\/p>\n<p>&nbsp;<\/p>\n<p>A satisfa\u00e7\u00e3o tamb\u00e9m foi compartilhada por outros presidentes e diretores que usaram da palavra para enaltecer o conte\u00fado do treinamento e a atitude do Sistema FAET e do presidente Paulo Carneiro em promover uma capacita\u00e7\u00e3o de alta qualidade e de uso pr\u00e1tico para as entidades sindicais.<\/p>\n<p><img fetchpriority=\"high\" decoding=\"async\" class=\"alignnone wp-image-1146 size-full\" src=\"https:\/\/sistemafaetsenar.org.br\/faet\/wp-content\/uploads\/2024\/01\/147.jpg\" alt=\"\" width=\"4992\" height=\"3328\" srcset=\"https:\/\/sistemafaetsenar.org.br\/faet\/wp-content\/uploads\/2024\/01\/147.jpg 4992w, https:\/\/sistemafaetsenar.org.br\/faet\/wp-content\/uploads\/2024\/01\/147-300x200.jpg 300w, https:\/\/sistemafaetsenar.org.br\/faet\/wp-content\/uploads\/2024\/01\/147-1024x683.jpg 1024w\" sizes=\"(max-width: 4992px) 100vw, 4992px\" \/><\/p>\n<p>&nbsp;<\/p>\n<p>Para incentivar e premiar os participantes do segundo m\u00f3dulo do Capacita Sindicato Rural, o presidente Paulo Carneiro fez a entrega de uma mala de viagem personalizada para ser usada nas miss\u00f5es e visitas t\u00e9cnicas, bem como no dia a dia de trabalho dos l\u00edderes sindicais.<\/p>\n<p>&nbsp;<\/p>\n<p><strong>Encontros e viagens<\/strong><\/p>\n<p>&nbsp;<\/p>\n<p>O programa \u201cCapacita Sindicato Rural\u201d e uma parceria da Federa\u00e7\u00e3o da Agricultura e Pecu\u00e1ria do Tocantins (FAET), Servi\u00e7o Nacional de Aprendizagem Rural, Minist\u00e9rio da Agricultura e Pecu\u00e1ria (MAPA) e o Governo Federal.<\/p>\n<p>&nbsp;<\/p>\n<p>O treinamento j\u00e1 proporcionou aos presidentes e diretores de sindicatos rurais dois encontros presenciais, uma visita t\u00e9cnica \u00e0 CNA (Confedera\u00e7\u00e3o de Agricultura e Pecu\u00e1ria do Brasil), FPA (Frente Parlamentar do Agroneg\u00f3cio) e Congresso Nacional. Na programa\u00e7\u00e3o ainda consta uma consultoria individualizada aos presidentes e nova miss\u00e3o t\u00e9cnica no in\u00edcio de 2024.<\/p>\n<p>&nbsp;<\/p>\n<p><img decoding=\"async\" class=\"size-full wp-image-993 aligncenter\" src=\"https:\/\/sistemafaetsenar.org.br\/faet\/wp-content\/uploads\/2024\/01\/FAET-SENAR-Sindicatos.png\" alt=\"\" width=\"200\" height=\"61\" \/><\/p>\n","protected":false},"excerpt":{"rendered":"<p>Com inten\u00e7\u00e3o de desenvolver as lideran\u00e7as rurais do agro tocantinense, o Sistema FAET\/Senar promoveu mais uma etapa do programa \u201cCapacita Sindicato Rural\u201d, em um dia de imers\u00e3o em Palmas, conduzido pelo especialista em Gest\u00e3o de Pessoas, o psic\u00f3logo Celso Garcia, que \u00e9 professor da Funda\u00e7\u00e3o Get\u00falio Vargas (FGV). &nbsp; \u201cNos propusemos neste m\u00f3dulo a fazer [&hellip;]<\/p>\n","protected":false},"author":3,"featured_media":1145,"comment_status":"open","ping_status":"open","sticky":false,"template":"","format":"standard","meta":{"kia_subtitle":"O treinamento j\u00e1 proporcionou aos presidentes e diretores de sindicatos rurais dois encontros presenciais","footnotes":""},"categories":[13,15,58],"tags":[87,33,66],"class_list":["post-1144","post","type-post","status-publish","format-standard","has-post-thumbnail","hentry","category-cursos-e-palestras","category-faet","category-sindicato-rural","tag-capacita-sindicato-rural","tag-faet","tag-sindicato-rural"],"_links":{"self":[{"href":"https:\/\/sistemafaetsenar.org.br\/faet\/wp-json\/wp\/v2\/posts\/1144"}],"collection":[{"href":"https:\/\/sistemafaetsenar.org.br\/faet\/wp-json\/wp\/v2\/posts"}],"about":[{"href":"https:\/\/sistemafaetsenar.org.br\/faet\/wp-json\/wp\/v2\/types\/post"}],"author":[{"embeddable":true,"href":"https:\/\/sistemafaetsenar.org.br\/faet\/wp-json\/wp\/v2\/users\/3"}],"replies":[{"embeddable":true,"href":"https:\/\/sistemafaetsenar.org.br\/faet\/wp-json\/wp\/v2\/comments?post=1144"}],"version-history":[{"count":0,"href":"https:\/\/sistemafaetsenar.org.br\/faet\/wp-json\/wp\/v2\/posts\/1144\/revisions"}],"wp:featuredmedia":[{"embeddable":true,"href":"https:\/\/sistemafaetsenar.org.br\/faet\/wp-json\/wp\/v2\/media\/1145"}],"wp:attachment":[{"href":"https:\/\/sistemafaetsenar.org.br\/faet\/wp-json\/wp\/v2\/media?parent=1144"}],"wp:term":[{"taxonomy":"category","embeddable":true,"href":"https:\/\/sistemafaetsenar.org.br\/faet\/wp-json\/wp\/v2\/categories?post=1144"},{"taxonomy":"post_tag","embeddable":true,"href":"https:\/\/sistemafaetsenar.org.br\/faet\/wp-json\/wp\/v2\/tags?post=1144"}],"curies":[{"name":"wp","href":"https:\/\/api.w.org\/{rel}","templated":true}]}}