{"id":1140,"date":"2023-11-09T11:36:07","date_gmt":"2023-11-09T14:36:07","guid":{"rendered":"https:\/\/sistemafaetsenar.org.br\/faet\/?p=1140"},"modified":"2024-01-19T14:57:05","modified_gmt":"2024-01-19T17:57:05","slug":"gestao-e-planejamento-estrategico-sao-temas-do-2-modulo-do-capacita-sindicato-rural","status":"publish","type":"post","link":"https:\/\/sistemafaetsenar.org.br\/faet\/gestao-e-planejamento-estrategico-sao-temas-do-2-modulo-do-capacita-sindicato-rural\/","title":{"rendered":"Gest\u00e3o e planejamento estrat\u00e9gico s\u00e3o temas do 2\u00b0 m\u00f3dulo do \u201cCapacita Sindicato Rural\u201d"},"content":{"rendered":"<p>Estimular e fortalecer a lideran\u00e7a sindical no estado \u00e9 o objetivo do segundo m\u00f3dulo do programa \u201cCapacita Sindicato Rural\u201d, uma parceria entre a Federa\u00e7\u00e3o da Agricultura e Pecu\u00e1ria do Tocantins (FAET), Servi\u00e7o Nacional de Aprendizagem Rural, Minist\u00e9rio da Agricultura e Pecu\u00e1ria (MAPA) e o Governo Federal.<\/p>\n<p>&nbsp;<\/p>\n<p>Com o foco na \u201cGest\u00e3o Sindical e Planejamento Estrat\u00e9gico\u201d, a inten\u00e7\u00e3o \u00e9 capacitar representantes sindicais do Tocantins, para que possam defender com efici\u00eancia os direitos dos produtores rurais. O evento acontecer\u00e1 na pr\u00f3xima sexta-feira, dia 10 de novembro, com in\u00edcio \u00e0s 8h30, no Hotel 10 em Palmas.<\/p>\n<p>&nbsp;<\/p>\n<p>A programa\u00e7\u00e3o abordar\u00e1 temas voltados \u00e0 elabora\u00e7\u00e3o de diagn\u00f3sticos sindicais, plano de a\u00e7\u00e3o, coletas de dados e utiliza\u00e7\u00e3o das ferramentas de Intelig\u00eancia Artificial para aprimorar pr\u00e1ticas de gest\u00e3o. O primeiro m\u00f3dulo \u201cCapacita Sindicato Rural &#8211; Cultivando Conex\u00f5es\u201d, ocorreu em julho e abordou os desafios do agro. Em agosto, os participantes fizeram uma Miss\u00e3o T\u00e9cnica a Bras\u00edlia, onde visitaram a sede da CNA (Confedera\u00e7\u00e3o de Agricultura e Pecu\u00e1ria do Brasil), a FPA (0Frente Parlamentar do Agroneg\u00f3cio) e o Congresso Nacional.<\/p>\n<p>&nbsp;<\/p>\n<p>Agora, em novembro, o treinamento busca refor\u00e7ar o papel das entidades e estreitar a rela\u00e7\u00e3o com o p\u00fablico do setor. Na pauta est\u00e3o temas como o \u201cPensar Estrat\u00e9gico\u201d, Plano de A\u00e7\u00e3o, Norte Organizacional e o uso de Intelig\u00eancia Artificial (I.A.) a servi\u00e7o das entidades.<\/p>\n<p>&nbsp;<\/p>\n<p><img decoding=\"async\" class=\"size-full wp-image-993 aligncenter\" src=\"https:\/\/sistemafaetsenar.org.br\/faet\/wp-content\/uploads\/2024\/01\/FAET-SENAR-Sindicatos.png\" alt=\"\" width=\"200\" height=\"61\" \/><\/p>\n","protected":false},"excerpt":{"rendered":"<p>Estimular e fortalecer a lideran\u00e7a sindical no estado \u00e9 o objetivo do segundo m\u00f3dulo do programa \u201cCapacita Sindicato Rural\u201d, uma parceria entre a Federa\u00e7\u00e3o da Agricultura e Pecu\u00e1ria do Tocantins (FAET), Servi\u00e7o Nacional de Aprendizagem Rural, Minist\u00e9rio da Agricultura e Pecu\u00e1ria (MAPA) e o Governo Federal. &nbsp; Com o foco na \u201cGest\u00e3o Sindical e Planejamento [&hellip;]<\/p>\n","protected":false},"author":3,"featured_media":1141,"comment_status":"open","ping_status":"open","sticky":false,"template":"","format":"standard","meta":{"kia_subtitle":"A a\u00e7\u00e3o visa capacitar representantes sindicais do Tocantins","footnotes":""},"categories":[13,58],"tags":[87,33,95],"class_list":["post-1140","post","type-post","status-publish","format-standard","has-post-thumbnail","hentry","category-cursos-e-palestras","category-sindicato-rural","tag-capacita-sindicato-rural","tag-faet","tag-lideranca-sindical"],"_links":{"self":[{"href":"https:\/\/sistemafaetsenar.org.br\/faet\/wp-json\/wp\/v2\/posts\/1140"}],"collection":[{"href":"https:\/\/sistemafaetsenar.org.br\/faet\/wp-json\/wp\/v2\/posts"}],"about":[{"href":"https:\/\/sistemafaetsenar.org.br\/faet\/wp-json\/wp\/v2\/types\/post"}],"author":[{"embeddable":true,"href":"https:\/\/sistemafaetsenar.org.br\/faet\/wp-json\/wp\/v2\/users\/3"}],"replies":[{"embeddable":true,"href":"https:\/\/sistemafaetsenar.org.br\/faet\/wp-json\/wp\/v2\/comments?post=1140"}],"version-history":[{"count":0,"href":"https:\/\/sistemafaetsenar.org.br\/faet\/wp-json\/wp\/v2\/posts\/1140\/revisions"}],"wp:featuredmedia":[{"embeddable":true,"href":"https:\/\/sistemafaetsenar.org.br\/faet\/wp-json\/wp\/v2\/media\/1141"}],"wp:attachment":[{"href":"https:\/\/sistemafaetsenar.org.br\/faet\/wp-json\/wp\/v2\/media?parent=1140"}],"wp:term":[{"taxonomy":"category","embeddable":true,"href":"https:\/\/sistemafaetsenar.org.br\/faet\/wp-json\/wp\/v2\/categories?post=1140"},{"taxonomy":"post_tag","embeddable":true,"href":"https:\/\/sistemafaetsenar.org.br\/faet\/wp-json\/wp\/v2\/tags?post=1140"}],"curies":[{"name":"wp","href":"https:\/\/api.w.org\/{rel}","templated":true}]}}