{"id":1136,"date":"2023-09-01T13:14:22","date_gmt":"2023-09-01T16:14:22","guid":{"rendered":"https:\/\/sistemafaetsenar.org.br\/faet\/?p=1136"},"modified":"2024-01-19T14:14:43","modified_gmt":"2024-01-19T17:14:43","slug":"pesquisa-faz-diagnostico-da-armazenagem-de-graos","status":"publish","type":"post","link":"https:\/\/sistemafaetsenar.org.br\/faet\/pesquisa-faz-diagnostico-da-armazenagem-de-graos\/","title":{"rendered":"Pesquisa faz diagn\u00f3stico da armazenagem de gr\u00e3os"},"content":{"rendered":"<p>Uma pesquisa in\u00e9dita realizada com produtores rurais de todas as regi\u00f5es do Brasil tra\u00e7ou um perfil completo da armazenagem de gr\u00e3os dentro das propriedades rurais do pa\u00eds. No Tocantins, a FAET mobilizou produtores de diversas regi\u00f5es para contribu\u00edrem com o levantamento e a participa\u00e7\u00e3o do estado foi a mais expressiva do pa\u00eds.<\/p>\n<p>&nbsp;<\/p>\n<p>\u201cNosso objetivo foi gerar dados com o melhor n\u00edvel poss\u00edvel de precis\u00e3o, porque sabemos da relev\u00e2ncia desta pesquisa. Ela pode nos ajudar a sensibilizar as institui\u00e7\u00f5es a estimularem o investimento na armazenagem com linhas de cr\u00e9dito atrativas. Produtores que conseguem controlar seus estoques tem mais poder de negocia\u00e7\u00e3o de sua safra e, por conta disso, podem obter mais ganhos\u201d, destacou Frederico Sodr\u00e9, superintendente da FAET.<\/p>\n<p>&nbsp;<\/p>\n<p>O presidente do Sistema FAET, Paulo Carneiro tamb\u00e9m destacou a import\u00e2ncia da pesquisa. Para ele, com um mercado inst\u00e1vel, o produtor precisa de instrumentos para garantir boa lucratividade nos seus neg\u00f3cios e uma armazenagem de gr\u00e3os pr\u00f3pria pode ajudar muito neste contexto.<\/p>\n<p>&nbsp;<\/p>\n<p><strong>O levantamento<\/strong><\/p>\n<p>&nbsp;<\/p>\n<p>A pesquisa faz parte do \u201cDiagn\u00f3stico da Armazenagem Agr\u00edcola no Brasil\u201d, um amplo estudo da CNA sobre uma das principais atividades prim\u00e1rias da log\u00edstica e que \u00e9 fundamental para a competitividade dos produtores e do agro brasileiro. A pesquisa foi realizada pela Esalq-Log (USP).<\/p>\n<p>&nbsp;<\/p>\n<p>In\u00e9dita, a pesquisa ouviu 1.065 produtores rurais, de todas as regi\u00f5es do pa\u00eds, o que permitiu tra\u00e7ar o perfil da armazenagem no campo, o perfil de quem utiliza esse tipo de infraestrutura na fazenda, fora da fazenda, em silo bag, e recomenda\u00e7\u00f5es desses usu\u00e1rios para incentivar e expandir o uso da armazenagem. Os question\u00e1rios foram respondidos no final de 2022.<\/p>\n<p>&nbsp;<\/p>\n<p><b>Resultados<\/b><\/p>\n<p>&nbsp;<\/p>\n<p>A maior parte dos produtores ouvidos diz que investiria em armazenagem se tivesse taxa de juros atrativa.\u00a072,7% demonstrou interesse em investir na armazenagem por meio de um cr\u00e9dito com taxa de juros atrativas.<\/p>\n<p>&nbsp;<\/p>\n<p>A pesquisa revela tamb\u00e9m que a maior parte dos produtores rurais quer expandir a capacidade est\u00e1tica de armazenagem. 54,0% dos produtores disseram ter interesse para comportar o aumento da produ\u00e7\u00e3o pr\u00f3pria, 15,9% para atender terceiros e produ\u00e7\u00e3o pr\u00f3pria e 30,1% n\u00e3o tem interesse.<\/p>\n<p>&nbsp;<\/p>\n<p>As regi\u00f5es com maior interesse em expandir a capacidade est\u00e1tica de armazenagem s\u00e3o o Norte (82,7%), Centro-oeste (78,4%) e <strong>Matopiba (73,3%).<\/strong><\/p>\n<p>&nbsp;<\/p>\n<p>Uma das principais constata\u00e7\u00f5es da pesquisa \u00e9 que a armazenagem traz ganhos econ\u00f4micos ao produtor rural. Quando questionados sobre o ganho econ\u00f4mico m\u00e9dio com o uso do armaz\u00e9m, nas \u00faltimas tr\u00eas safras, comparado ao pre\u00e7o m\u00e9dio na \u00e9poca de colheita, 40,8% teve ganho entre 6% e 20%.<\/p>\n<p>&nbsp;<\/p>\n<p>Os volumes da safra de soja e da segunda safra de milho tendem a ter um benef\u00edcio econ\u00f4mico em uma janela de comercializa\u00e7\u00e3o tardia, consequ\u00eancia da din\u00e2mica dos reajustes de pre\u00e7os. Outro principal ganho est\u00e1 relacionado \u00e0 redu\u00e7\u00e3o no custo do frete, j\u00e1 que no pico do escoamento da safra brasileira de gr\u00e3os, o valor do frete aumenta, diante da alta demanda.<\/p>\n<p>&nbsp;<\/p>\n<p>Para mais informa\u00e7\u00f5es sobre este levantamento, acesse: <a href=\"https:\/\/bit.ly\/3sD7pwj\">https:\/\/bit.ly\/3sD7pwj<\/a><\/p>\n<p>&nbsp;<\/p>\n<p><img decoding=\"async\" class=\"size-full wp-image-993 aligncenter\" src=\"https:\/\/sistemafaetsenar.org.br\/faet\/wp-content\/uploads\/2024\/01\/FAET-SENAR-Sindicatos.png\" alt=\"\" width=\"200\" height=\"61\" \/><\/p>\n","protected":false},"excerpt":{"rendered":"<p>Uma pesquisa in\u00e9dita realizada com produtores rurais de todas as regi\u00f5es do Brasil tra\u00e7ou um perfil completo da armazenagem de gr\u00e3os dentro das propriedades rurais do pa\u00eds. No Tocantins, a FAET mobilizou produtores de diversas regi\u00f5es para contribu\u00edrem com o levantamento e a participa\u00e7\u00e3o do estado foi a mais expressiva do pa\u00eds. &nbsp; \u201cNosso objetivo [&hellip;]<\/p>\n","protected":false},"author":3,"featured_media":1138,"comment_status":"open","ping_status":"open","sticky":false,"template":"","format":"standard","meta":{"kia_subtitle":"FAET mobilizou produtores tocantinenses que foram expressivos no levantamento","footnotes":""},"categories":[12,15],"tags":[33,93,49,94],"class_list":["post-1136","post","type-post","status-publish","format-standard","has-post-thumbnail","hentry","category-agrononegocio","category-faet","tag-faet","tag-pesquisa","tag-producao-de-graos","tag-safra-brasileira"],"_links":{"self":[{"href":"https:\/\/sistemafaetsenar.org.br\/faet\/wp-json\/wp\/v2\/posts\/1136"}],"collection":[{"href":"https:\/\/sistemafaetsenar.org.br\/faet\/wp-json\/wp\/v2\/posts"}],"about":[{"href":"https:\/\/sistemafaetsenar.org.br\/faet\/wp-json\/wp\/v2\/types\/post"}],"author":[{"embeddable":true,"href":"https:\/\/sistemafaetsenar.org.br\/faet\/wp-json\/wp\/v2\/users\/3"}],"replies":[{"embeddable":true,"href":"https:\/\/sistemafaetsenar.org.br\/faet\/wp-json\/wp\/v2\/comments?post=1136"}],"version-history":[{"count":0,"href":"https:\/\/sistemafaetsenar.org.br\/faet\/wp-json\/wp\/v2\/posts\/1136\/revisions"}],"wp:featuredmedia":[{"embeddable":true,"href":"https:\/\/sistemafaetsenar.org.br\/faet\/wp-json\/wp\/v2\/media\/1138"}],"wp:attachment":[{"href":"https:\/\/sistemafaetsenar.org.br\/faet\/wp-json\/wp\/v2\/media?parent=1136"}],"wp:term":[{"taxonomy":"category","embeddable":true,"href":"https:\/\/sistemafaetsenar.org.br\/faet\/wp-json\/wp\/v2\/categories?post=1136"},{"taxonomy":"post_tag","embeddable":true,"href":"https:\/\/sistemafaetsenar.org.br\/faet\/wp-json\/wp\/v2\/tags?post=1136"}],"curies":[{"name":"wp","href":"https:\/\/api.w.org\/{rel}","templated":true}]}}