{"id":1086,"date":"2023-12-19T09:45:40","date_gmt":"2023-12-19T12:45:40","guid":{"rendered":"https:\/\/sistemafaetsenar.org.br\/faet\/?p=1086"},"modified":"2024-01-25T16:49:21","modified_gmt":"2024-01-25T19:49:21","slug":"faet-apresenta-balanco-de-acoes-de-2023","status":"publish","type":"post","link":"https:\/\/sistemafaetsenar.org.br\/faet\/faet-apresenta-balanco-de-acoes-de-2023\/","title":{"rendered":"FAET apresenta balan\u00e7o de a\u00e7\u00f5es de 2023"},"content":{"rendered":"<p>A agro tocantinense chega ao fim de 2023 com conquistas e desafios superados na bagagem e a Federa\u00e7\u00e3o da Agricultura e pecu\u00e1ria do Tocantins (FAET) contribuiu de diversas formas para os resultados positivos do setor.<\/p>\n<p>&nbsp;<\/p>\n<p>Com o apoio da FAET, 28 sindicatos rurais do Tocantins realizaram as tradicionais feiras agropecu\u00e1rias. Os eventos movimentaram mais de 280 milh\u00f5es em neg\u00f3cios e contou com cerca de 740 mil visitantes. \u201cS\u00e3o eventos esperados o ano todo pela cidade, porque movimentam a economia local, promovem neg\u00f3cios, e proporcionam entretenimento e qualifica\u00e7\u00e3o profissional ao produtor rural e sua fam\u00edlia\u201d, pontuou o presidente do sistema FAET\/Senar, Paulo Carneiro.<\/p>\n<p>&nbsp;<\/p>\n<p>O ano foi marcado tamb\u00e9m pela cria\u00e7\u00e3o da Frente Parlamentar do Agro, com o intuito de promover no parlamento tocantinense um ambiente de di\u00e1logo e debate de temas relativos \u00e0s demandas do agro e tamb\u00e9m das medidas governamentais que possam impactar o setor. Com iniciativa da FAET, o lan\u00e7amento ocorreu no estande da institui\u00e7\u00e3o durante a Agrotins 2023.<\/p>\n<p>&nbsp;<\/p>\n<p>Em parceria com os sindicatos rurais, a federa\u00e7\u00e3o criou o projeto \u201cAgroForte\u201d, que teve como objetivo tratar demandas como regulariza\u00e7\u00e3o fundi\u00e1ria e ambiental, cr\u00e9dito rural e seguran\u00e7a no campo. Os tr\u00eas eventos realizados nos mun\u00edcipios de Augustin\u00f3polis, Almas e Lagoa da Confus\u00e3o reuniram cerca de 2.000 mil participantes no total. \u201cO maior evento do agro j\u00e1 realizado no Bico do Papagaio\u201d, destacou a presidente do Sindicato Rural, C\u00e1ssia Caires.<\/p>\n<p>&nbsp;<\/p>\n<p>A federa\u00e7\u00e3o tamb\u00e9m esteve \u00e0 frente de diversas mobiliza\u00e7\u00f5es cobrando a\u00e7\u00f5es do Governo do Estado para coibir a onda de invas\u00f5es de terra no Tocantins. O presidente da FAET, Paulo Carneiro e membros da diretoria da entidade participaram de reuni\u00f5es realizadas na Secretaria da Agricultura (Seagro) para garantir a seguran\u00e7a jur\u00eddica dos produtores.<\/p>\n<p>&nbsp;<\/p>\n<p>De Marian\u00f3polis, o presidente do Sindicato Rural, Darci D\u00e1rio, relembrou casos de invas\u00f5es ocorridos na regi\u00e3o, mas que com o apoio da federa\u00e7\u00e3o e Governo, foram dissolvidas. \u201cIsso trouxe seguran\u00e7a para n\u00f3s, homens no campo\u201d, afirmou. A institui\u00e7\u00e3o tamb\u00e9m criou cartilhas voltada para os produtores com orienta\u00e7\u00f5es de como proceder em casos como esse na propriedade.<\/p>\n<p>&nbsp;<\/p>\n<p>Em 2023, o sistema tamb\u00e9m iniciou as atividades do programa \u201cCapacita Sindicato Rural\u201d, com o objetivo de preparar lideran\u00e7as do setor para atuar na defesa do produtor rural. Ao longo do ano foram realizados encontros presenciais, miss\u00f5es t\u00e9cnicas para outros estados e consultorias para dirigentes sindicais.<\/p>\n<p>&nbsp;<\/p>\n<p>\u201cA ideia \u00e9 fortalecer as entidades no Tocantins e estabelecer novas pr\u00e1ticas de gest\u00e3o\u201d, afirmou o presidente, Paulo Carneiro. Ainda segundo ele, neste ano a federa\u00e7\u00e3o \u201crealizou um trabalho que ultrapassa os limites das porteiras, refor\u00e7ando o seu compromisso com o desenvolvimento do agro no estado\u201d.<\/p>\n<p>&nbsp;<\/p>\n","protected":false},"excerpt":{"rendered":"<p>A agro tocantinense chega ao fim de 2023 com conquistas e desafios superados na bagagem e a Federa\u00e7\u00e3o da Agricultura e pecu\u00e1ria do Tocantins (FAET) contribuiu de diversas formas para os resultados positivos do setor. &nbsp; Com o apoio da FAET, 28 sindicatos rurais do Tocantins realizaram as tradicionais feiras agropecu\u00e1rias. Os eventos movimentaram mais [&hellip;]<\/p>\n","protected":false},"author":3,"featured_media":1087,"comment_status":"open","ping_status":"open","sticky":false,"template":"","format":"standard","meta":{"kia_subtitle":"Os eventos movimentaram mais de 280 milh\u00f5es em neg\u00f3cios","footnotes":""},"categories":[16,26,58],"tags":[],"class_list":["post-1086","post","type-post","status-publish","format-standard","has-post-thumbnail","hentry","category-feiras-e-eventos","category-noticia-principal","category-sindicato-rural"],"_links":{"self":[{"href":"https:\/\/sistemafaetsenar.org.br\/faet\/wp-json\/wp\/v2\/posts\/1086"}],"collection":[{"href":"https:\/\/sistemafaetsenar.org.br\/faet\/wp-json\/wp\/v2\/posts"}],"about":[{"href":"https:\/\/sistemafaetsenar.org.br\/faet\/wp-json\/wp\/v2\/types\/post"}],"author":[{"embeddable":true,"href":"https:\/\/sistemafaetsenar.org.br\/faet\/wp-json\/wp\/v2\/users\/3"}],"replies":[{"embeddable":true,"href":"https:\/\/sistemafaetsenar.org.br\/faet\/wp-json\/wp\/v2\/comments?post=1086"}],"version-history":[{"count":0,"href":"https:\/\/sistemafaetsenar.org.br\/faet\/wp-json\/wp\/v2\/posts\/1086\/revisions"}],"wp:featuredmedia":[{"embeddable":true,"href":"https:\/\/sistemafaetsenar.org.br\/faet\/wp-json\/wp\/v2\/media\/1087"}],"wp:attachment":[{"href":"https:\/\/sistemafaetsenar.org.br\/faet\/wp-json\/wp\/v2\/media?parent=1086"}],"wp:term":[{"taxonomy":"category","embeddable":true,"href":"https:\/\/sistemafaetsenar.org.br\/faet\/wp-json\/wp\/v2\/categories?post=1086"},{"taxonomy":"post_tag","embeddable":true,"href":"https:\/\/sistemafaetsenar.org.br\/faet\/wp-json\/wp\/v2\/tags?post=1086"}],"curies":[{"name":"wp","href":"https:\/\/api.w.org\/{rel}","templated":true}]}}