{"id":1079,"date":"2024-01-18T18:17:15","date_gmt":"2024-01-18T21:17:15","guid":{"rendered":"https:\/\/sistemafaetsenar.org.br\/faet\/?p=1079"},"modified":"2024-01-25T16:48:59","modified_gmt":"2024-01-25T19:48:59","slug":"sindicato-rural-de-palmeiropolis-tem-nova-diretoria","status":"publish","type":"post","link":"https:\/\/sistemafaetsenar.org.br\/faet\/sindicato-rural-de-palmeiropolis-tem-nova-diretoria\/","title":{"rendered":"Sindicato Rural de Palmeir\u00f3polis tem nova diretoria"},"content":{"rendered":"<p>O Presidente do Sistema FAET\/Senar, Paulo Carneiro e a superintendente do Senar Tocantins, Rayley Luzza prestigiaram a solenidade de posse da nova diretoria do Sindicato Rural de Palmeir\u00f3polis e S\u00e3o Salvador. O engenheiro civil e pecuarista, M\u00e9rcio Viana vai comandar a entidade no quadri\u00eanio 2024\/2027. Para ele, a regi\u00e3o tem um forte potencial agropecu\u00e1rio que precisa ser promovido e valorizado.<\/p>\n<p>&nbsp;<\/p>\n<p>\u201cTemos aqui um parque com capacidade para sediar grandes eventos, n\u00e3o s\u00f3 do agro, por isso nossa gest\u00e3o vai buscar reunir os produtores, do pequeno ao grande, para que juntos possamos impulsionar o desenvolvimento desta regi\u00e3o\u201d, destacou.<\/p>\n<p>&nbsp;<\/p>\n<p>\u201cO sistema FAET\/Senar est\u00e1 presente porque busca o fortalecimento dos sindicatos rurais. Nossas entidades existem para tratar dos nossos interesses, por isso, \u00e9 fundamental que os produtores participem ativamente do sindicato de sua regi\u00e3o\u201d, destacou Paulo Carneiro.<\/p>\n<p><img fetchpriority=\"high\" decoding=\"async\" class=\"alignnone wp-image-1082 size-full\" src=\"https:\/\/sistemafaetsenar.org.br\/faet\/wp-content\/uploads\/2024\/01\/WhatsApp-Image-2024-01-18-at-18.06.13-3.jpeg\" alt=\"\" width=\"900\" height=\"726\" srcset=\"https:\/\/sistemafaetsenar.org.br\/faet\/wp-content\/uploads\/2024\/01\/WhatsApp-Image-2024-01-18-at-18.06.13-3.jpeg 900w, https:\/\/sistemafaetsenar.org.br\/faet\/wp-content\/uploads\/2024\/01\/WhatsApp-Image-2024-01-18-at-18.06.13-3-300x242.jpeg 300w\" sizes=\"(max-width: 900px) 100vw, 900px\" \/><\/p>\n<p>&nbsp;<\/p>\n<p>Rayley Luzza, superintendente do Senar lembrou que em 2023 foram feitos mais de 20 cursos de forma\u00e7\u00e3o profissional rural na regi\u00e3o. \u201cEm 2024 vamos aumentar nossas a\u00e7\u00f5es, beneficiar mais produtores e trabalhadores, conforme os interesses do setor\u201d, disse.<\/p>\n<p>&nbsp;<\/p>\n<p><img decoding=\"async\" class=\"alignnone wp-image-1081 size-full\" src=\"https:\/\/sistemafaetsenar.org.br\/faet\/wp-content\/uploads\/2024\/01\/WhatsApp-Image-2024-01-18-at-18.06.14.jpeg\" alt=\"\" width=\"720\" height=\"629\" srcset=\"https:\/\/sistemafaetsenar.org.br\/faet\/wp-content\/uploads\/2024\/01\/WhatsApp-Image-2024-01-18-at-18.06.14.jpeg 720w, https:\/\/sistemafaetsenar.org.br\/faet\/wp-content\/uploads\/2024\/01\/WhatsApp-Image-2024-01-18-at-18.06.14-300x262.jpeg 300w\" sizes=\"(max-width: 720px) 100vw, 720px\" \/><\/p>\n<p>&nbsp;<\/p>\n<p><strong>Solenidade<\/strong><\/p>\n<p>Na posse, realizada no Centro de Conviv\u00eancia dos Idosos, em Palmeir\u00f3polis, os membros da nova diretoria fizeram um juramento e se comprometeram a atuar em prol do produtor rural.<\/p>\n<p>&nbsp;<\/p>\n<p>Tamb\u00e9m participaram da solenidade os prefeitos de Palmeir\u00f3polis, Bartolomeu Moura, o prefeito de S\u00e3o Salvador, Edmar da Constru\u00e7\u00e3o, o secret\u00e1rio municipal da Agricultura, Nilson Rodrigues, a presidente do Sindicato dos Trabalhadores Rurais, Patr\u00edcia Dias al\u00e9m de outras autoridades.<\/p>\n<p>&nbsp;<\/p>\n<p><img decoding=\"async\" class=\"size-full wp-image-993 aligncenter\" src=\"https:\/\/sistemafaetsenar.org.br\/faet\/wp-content\/uploads\/2024\/01\/FAET-SENAR-Sindicatos.png\" alt=\"\" width=\"200\" height=\"61\" \/><\/p>\n","protected":false},"excerpt":{"rendered":"<p>O Presidente do Sistema FAET\/Senar, Paulo Carneiro e a superintendente do Senar Tocantins, Rayley Luzza prestigiaram a solenidade de posse da nova diretoria do Sindicato Rural de Palmeir\u00f3polis e S\u00e3o Salvador. O engenheiro civil e pecuarista, M\u00e9rcio Viana vai comandar a entidade no quadri\u00eanio 2024\/2027. Para ele, a regi\u00e3o tem um forte potencial agropecu\u00e1rio que [&hellip;]<\/p>\n","protected":false},"author":3,"featured_media":1080,"comment_status":"open","ping_status":"open","sticky":false,"template":"","format":"standard","meta":{"kia_subtitle":"O engenheiro civil e pecuarista, M\u00e9rcio Viana vai comandar a entidade no quadri\u00eanio 2024\/2027","footnotes":""},"categories":[26,58],"tags":[33,92,66],"class_list":["post-1079","post","type-post","status-publish","format-standard","has-post-thumbnail","hentry","category-noticia-principal","category-sindicato-rural","tag-faet","tag-palmeiropolis","tag-sindicato-rural"],"_links":{"self":[{"href":"https:\/\/sistemafaetsenar.org.br\/faet\/wp-json\/wp\/v2\/posts\/1079"}],"collection":[{"href":"https:\/\/sistemafaetsenar.org.br\/faet\/wp-json\/wp\/v2\/posts"}],"about":[{"href":"https:\/\/sistemafaetsenar.org.br\/faet\/wp-json\/wp\/v2\/types\/post"}],"author":[{"embeddable":true,"href":"https:\/\/sistemafaetsenar.org.br\/faet\/wp-json\/wp\/v2\/users\/3"}],"replies":[{"embeddable":true,"href":"https:\/\/sistemafaetsenar.org.br\/faet\/wp-json\/wp\/v2\/comments?post=1079"}],"version-history":[{"count":0,"href":"https:\/\/sistemafaetsenar.org.br\/faet\/wp-json\/wp\/v2\/posts\/1079\/revisions"}],"wp:featuredmedia":[{"embeddable":true,"href":"https:\/\/sistemafaetsenar.org.br\/faet\/wp-json\/wp\/v2\/media\/1080"}],"wp:attachment":[{"href":"https:\/\/sistemafaetsenar.org.br\/faet\/wp-json\/wp\/v2\/media?parent=1079"}],"wp:term":[{"taxonomy":"category","embeddable":true,"href":"https:\/\/sistemafaetsenar.org.br\/faet\/wp-json\/wp\/v2\/categories?post=1079"},{"taxonomy":"post_tag","embeddable":true,"href":"https:\/\/sistemafaetsenar.org.br\/faet\/wp-json\/wp\/v2\/tags?post=1079"}],"curies":[{"name":"wp","href":"https:\/\/api.w.org\/{rel}","templated":true}]}}