{"id":1074,"date":"2023-09-12T15:24:26","date_gmt":"2023-09-12T18:24:26","guid":{"rendered":"https:\/\/sistemafaetsenar.org.br\/faet\/?p=1074"},"modified":"2024-01-18T18:06:47","modified_gmt":"2024-01-18T21:06:47","slug":"agroforte-vale-do-araguaia-sera-parte-da-programacao-da-agrovale-em-lagoa-da-confusao","status":"publish","type":"post","link":"https:\/\/sistemafaetsenar.org.br\/faet\/agroforte-vale-do-araguaia-sera-parte-da-programacao-da-agrovale-em-lagoa-da-confusao\/","title":{"rendered":"AgroForte &#8211; Vale do Araguaia ser\u00e1 parte da programa\u00e7\u00e3o da Agrovale, em Lagoa da Confus\u00e3o"},"content":{"rendered":"<p>O Sistema FAET\/Senar vai promover a primeira edi\u00e7\u00e3o do <strong>AGROFORTE \u2013 Vale do Araguaia<\/strong>, nos dias 15 e 16 de setembro, como parte da programa\u00e7\u00e3o da AGROVALE, a feira agrotecnol\u00f3gica de Lagoa da Confus\u00e3o. O evento tem o objetivo de tratar de assuntos estrat\u00e9gicos para os produtores rurais de cada regi\u00e3o do estado.<\/p>\n<p>&nbsp;<\/p>\n<p>Dois eventos j\u00e1 foram realizados no estado. O primeiro AgroForte, em Augustin\u00f3polis, no Bico do Papagaio, que tratou de seguran\u00e7a no campo, regulariza\u00e7\u00e3o ambiental entre outros e o AgroForte \u2013 Sudeste, em Almas, que abordou temas como o mercado de gr\u00e3os e as perspectivas para a pecu\u00e1ria tocantinense. No Vale do Araguaia, o AgroForte vai abordar temas como a produ\u00e7\u00e3o de sementes de soja nas v\u00e1rzeas, os desafios da produ\u00e7\u00e3o irrigada e alternativas para safrinha, como o gergelim.<\/p>\n<p>&nbsp;<\/p>\n<p>O AgroForte contar\u00e1 com uma programa\u00e7\u00e3o diversificada e no dia 16 ter\u00e1 um momento especial com a presen\u00e7a da ex-ministra da Agricultura, a senadora Tereza Cristina, o governador do Tocantins, Wanderlei Barbosa e o deputado estadual Gutierres Torquato, presidente da Frente Parlamentar em Defesa do Agroneg\u00f3cio no Tocantins.<\/p>\n<p>&nbsp;<\/p>\n<p>\u201cA programa\u00e7\u00e3o atende a demanda de cada regi\u00e3o, pautando assuntos relevantes que interessam o produtor rural dos munic\u00edpios do entorno\u201d, esclareceu Luiz Cl\u00e1udio Faria, diretor do DEPPS\/Senar e respons\u00e1vel pelo conte\u00fado do evento.<\/p>\n<p>&nbsp;<\/p>\n<p><strong>PRIMEIRA AGROVALE<\/strong><\/p>\n<p>&nbsp;<\/p>\n<p>O AgroForte \u2013 Vale do Araguaia \u00e9 uma das atra\u00e7\u00f5es da AGROVALE, a feira tecnol\u00f3gica de Lagoa da Confus\u00e3o, idealizada pelo Sindicato Rural do munic\u00edpio, em parceria com o sistema FAET\/Senar e a empresa de consultoria em agroneg\u00f3cio, FARM 360, especialista em eventos no setor rural. A iniciativa conta com o apoio do Governo do Tocantins, por meio da Secretaria da Agricultura, e da Prefeitura de Lagoa da Confus\u00e3o.<\/p>\n<p>&nbsp;<\/p>\n<p>Segundo o presidente do Sistema FAET, Paulo Carneiro, o evento ser\u00e1 um espa\u00e7o para discuss\u00f5es e aprendizados. \u201cUma oportunidade para que o nosso produtor possa adquirir mais conhecimento, conhecer as tecnologias de ponta que impulsionam o setor e de firmar parcerias e neg\u00f3cios em uma regi\u00e3o que \u00e9 t\u00e3o prospera como o Vale do Araguaia\u201d, afirmou.<\/p>\n<p>&nbsp;<\/p>\n<p>A AGROVALE espera atrair cerca de sete mil pessoas durante os dois dias de evento e tem a proposta de ser um marco no calend\u00e1rio do agro tocantinense. \u00a0\u201cTeremos diversos expositores presentes que ir\u00e3o apresentar o que h\u00e1 de melhor de produtos e servi\u00e7os para o setor. De equipamentos de \u00faltima gera\u00e7\u00e3o a solu\u00e7\u00f5es inovadoras em agricultura e pecu\u00e1ria. Esperamos bons neg\u00f3cios para impulsionar a economia de Lagoa da Confus\u00e3o\u201d, destacou Vanderlei Silva, presidente do Sindicato Rural do munic\u00edpio.<\/p>\n<p>&nbsp;<\/p>\n<p><img decoding=\"async\" class=\"size-full wp-image-993 aligncenter\" src=\"https:\/\/sistemafaetsenar.org.br\/faet\/wp-content\/uploads\/2024\/01\/FAET-SENAR-Sindicatos.png\" alt=\"\" width=\"200\" height=\"61\" \/><\/p>\n","protected":false},"excerpt":{"rendered":"<p>O Sistema FAET\/Senar vai promover a primeira edi\u00e7\u00e3o do AGROFORTE \u2013 Vale do Araguaia, nos dias 15 e 16 de setembro, como parte da programa\u00e7\u00e3o da AGROVALE, a feira agrotecnol\u00f3gica de Lagoa da Confus\u00e3o. O evento tem o objetivo de tratar de assuntos estrat\u00e9gicos para os produtores rurais de cada regi\u00e3o do estado. &nbsp; Dois [&hellip;]<\/p>\n","protected":false},"author":3,"featured_media":1075,"comment_status":"open","ping_status":"open","sticky":false,"template":"","format":"standard","meta":{"kia_subtitle":"O evento espera atrair cerca de sete mil pessoas durante os dois dias de evento","footnotes":""},"categories":[12,15,16,20],"tags":[61,33,90,91],"class_list":["post-1074","post","type-post","status-publish","format-standard","has-post-thumbnail","hentry","category-agrononegocio","category-faet","category-feiras-e-eventos","category-tecnologia","tag-agroforte","tag-faet","tag-feira-tecnologica","tag-vale-do-araguaia"],"_links":{"self":[{"href":"https:\/\/sistemafaetsenar.org.br\/faet\/wp-json\/wp\/v2\/posts\/1074"}],"collection":[{"href":"https:\/\/sistemafaetsenar.org.br\/faet\/wp-json\/wp\/v2\/posts"}],"about":[{"href":"https:\/\/sistemafaetsenar.org.br\/faet\/wp-json\/wp\/v2\/types\/post"}],"author":[{"embeddable":true,"href":"https:\/\/sistemafaetsenar.org.br\/faet\/wp-json\/wp\/v2\/users\/3"}],"replies":[{"embeddable":true,"href":"https:\/\/sistemafaetsenar.org.br\/faet\/wp-json\/wp\/v2\/comments?post=1074"}],"version-history":[{"count":0,"href":"https:\/\/sistemafaetsenar.org.br\/faet\/wp-json\/wp\/v2\/posts\/1074\/revisions"}],"wp:featuredmedia":[{"embeddable":true,"href":"https:\/\/sistemafaetsenar.org.br\/faet\/wp-json\/wp\/v2\/media\/1075"}],"wp:attachment":[{"href":"https:\/\/sistemafaetsenar.org.br\/faet\/wp-json\/wp\/v2\/media?parent=1074"}],"wp:term":[{"taxonomy":"category","embeddable":true,"href":"https:\/\/sistemafaetsenar.org.br\/faet\/wp-json\/wp\/v2\/categories?post=1074"},{"taxonomy":"post_tag","embeddable":true,"href":"https:\/\/sistemafaetsenar.org.br\/faet\/wp-json\/wp\/v2\/tags?post=1074"}],"curies":[{"name":"wp","href":"https:\/\/api.w.org\/{rel}","templated":true}]}}