{"id":1071,"date":"2023-08-21T15:51:50","date_gmt":"2023-08-21T18:51:50","guid":{"rendered":"https:\/\/sistemafaetsenar.org.br\/faet\/?p=1071"},"modified":"2024-01-18T17:57:38","modified_gmt":"2024-01-18T20:57:38","slug":"dirigentes-sindicais-destacam-sucesso-de-missao-tecnica-a-brasilia","status":"publish","type":"post","link":"https:\/\/sistemafaetsenar.org.br\/faet\/dirigentes-sindicais-destacam-sucesso-de-missao-tecnica-a-brasilia\/","title":{"rendered":"Dirigentes sindicais destacam sucesso de Miss\u00e3o T\u00e9cnica a Bras\u00edlia"},"content":{"rendered":"<p>Os participantes da miss\u00e3o t\u00e9cnica do Programa Capacita Sindicato Rural \u2013 Forma\u00e7\u00e3o de L\u00edderes celebraram os bons resultados da iniciativa do sistema FAET\/Senar, que tem a parceria do Minist\u00e9rio da Agricultura, Pecu\u00e1ria e Abastecimento \u2013 MAPA e do Governo Federal.<\/p>\n<p>&nbsp;<\/p>\n<p>Durante dois dias, a comitiva tocantinense participou de reuni\u00f5es na Frente Parlamentar da Agropecu\u00e1ria \u2013 FPA, no Instituto Pensar Agro \u2013 IPA e na sede da Confedera\u00e7\u00e3o da Agricultura e Pecu\u00e1ria do Brasil \u2013 CNA. Os dirigentes tamb\u00e9m tiveram agenda no Congresso Nacional, com uma reuni\u00e3o sobre Processo Legislativo na sala de sess\u00f5es da Comiss\u00e3o de Agricultura e visitas t\u00e9cnicas \u00e0s instala\u00e7\u00f5es da C\u00e2mara dos Deputados e do Senado Federal.<\/p>\n<p>&nbsp;<\/p>\n<p>\u201cFico muito feliz de poder realizar esse programa que era um sonho nosso. Tenho certeza de que essa miss\u00e3o foi muito produtiva e espero que os presidentes e dirigentes sindicais levam os conhecimentos que adquiriram aqui aos demais colegas e aos produtores rurais do nosso estado\u201d, destacou Paulo Carneiro, presidente do Sistema FAET\/Senar.<\/p>\n<p>&nbsp;<\/p>\n<p>Para o diretor Geral do Senar e assessor da presid\u00eancia da CNA, Daniel Carrara, a iniciativa \u00e9 extremamente v\u00e1lida e importante para a qualifica\u00e7\u00e3o da representa\u00e7\u00e3o sindical no Tocantins. \u201cMais do que apresentar o que a CNA faz para o produtor, essa iniciativa nos permite estar perto da base, dos sindicatos e da Federa\u00e7\u00e3o, e receber informa\u00e7\u00f5es para saber se estamos no rumo certo, se nossas prioridades s\u00e3o as mais adequadas\u201d, destacou.<\/p>\n<p>&nbsp;<\/p>\n<p><strong>SUCESSO E SATISFA\u00c7\u00c3O<\/strong><\/p>\n<p>&nbsp;<\/p>\n<p>Para a presidente do SR de Augustin\u00f3polis, C\u00e1ssia Cayres, a satisfa\u00e7\u00e3o com a miss\u00e3o \u00e9 uma prova do sucesso do programa. \u201cAl\u00e9m dos conhecimentos, foi um momento de troca de informa\u00e7\u00f5es, onde levamos demandas e informa\u00e7\u00f5es \u00e0 CNA do que est\u00e1 se passando na nossa regi\u00e3o\u201d, afirmou.<\/p>\n<p>&nbsp;<\/p>\n<p>Rog\u00e9rio Moraes, presidente do SR de Para\u00edso e 1\u00ba vice-presidente da FAET, afirmou que a miss\u00e3o t\u00e9cnica foi de grande valia e que \u201c\u00e9 fundamental que o produtor conhe\u00e7a como as demandas do setor s\u00e3o tratadas e o que a CNA faz pelo produtor\u201d. Para o presidente do SR de Lagoa da Confus\u00e3o e 2\u00ba vice-presidente da FAET, Vanderlei Silva, \u201cos conhecimentos s\u00e3o de grande valia e vamos levar aos nossos amigos presidentes de sindicatos\u201d, garantiu.<\/p>\n<p>&nbsp;<\/p>\n<p>J\u00e1 o presidente do SR de Alvorada, Ronny C\u00e9sar, destacou que os participantes do programa ter\u00e3o agora a miss\u00e3o de levar as informa\u00e7\u00f5es aos produtores rurais de suas regi\u00f5es. \u201cA miss\u00e3o agora \u00e9 nossa, s\u00f3 temos a agradecer ao presidente Paulo, \u00e0 Rayley do Senar e a todos que nos deram essa oportunidade de estar em Bras\u00edlia para esse aprendizado\u201d.<\/p>\n<p>&nbsp;<\/p>\n<p>A superintendente do Senar Tocantins, Rayley Luzza, que acompanhou a miss\u00e3o, destacou que \u201co objetivo \u00e9 oferecer ao produtor rural uma representatividade sindical que atenda aos seus anseios, por isso a qualifica\u00e7\u00e3o continuada \u00e9 fundamental para oferecer os instrumentos necess\u00e1rios para esse trabalho e tamb\u00e9m dar aos dirigentes, informa\u00e7\u00f5es atualizadas das a\u00e7\u00f5es em andamento e que, muitas vezes, o produtor n\u00e3o sabe que est\u00e3o sendo feitas por ele\u201d.<\/p>\n<p>&nbsp;<\/p>\n<p><strong>FECHAMENTO DA MISS\u00c3O<\/strong><\/p>\n<p>&nbsp;<\/p>\n<p>No \u00faltimo dia da miss\u00e3o t\u00e9cnica em Bras\u00edlia, os dirigentes sindicais tiveram agenda na Confedera\u00e7\u00e3o de Agricultura e Pecu\u00e1ria do Brasil \u2013 CNA, para conhecer a estrutura da principal entidade do setor rural no pa\u00eds e saber das principais a\u00e7\u00f5es em benef\u00edcio do produtor rural, fechando a programa\u00e7\u00e3o na capital federal.<\/p>\n<p>&nbsp;<\/p>\n<p>A recep\u00e7\u00e3o foi feita pelo diretor geral do Senar e assessor t\u00e9cnico da presid\u00eancia, Daniel Carrara. Ele destacou que o setor rural ganhou relev\u00e2ncia que ele merece, mostrou compet\u00eancia para produzir e competir internacionalmente e que os olhos se voltam para o setor. Por isso, ele entende que as entidades e em especial a CNA precisa estar atenta a todo tipo de interesse.<\/p>\n<p>&nbsp;<\/p>\n<p>Na programa\u00e7\u00e3o os dirigentes conheceram a estrutura t\u00e9cnica da CNA. O papel da diretoria da \u00e1rea \u00e9 acompanhar as cadeias produtivas, tanto de produ\u00e7\u00e3o agr\u00edcola como animal, e definir estrat\u00e9gias para garantir maior competitividade e seguran\u00e7a jur\u00eddica aos produtores brasileiros.<\/p>\n<p>&nbsp;<\/p>\n<p>Na sequ\u00eancia foi a vez de mostrar a estrutura do Senar e as a\u00e7\u00f5es desenvolvidas para promover a educa\u00e7\u00e3o profissional rural e promo\u00e7\u00e3o social, al\u00e9m da assist\u00eancia t\u00e9cnica e gerencial, que no passado era exclusiva de \u00f3rg\u00e3os do governo.<\/p>\n<p>&nbsp;<\/p>\n<p>O Instituto CNA tamb\u00e9m foi apresentado \u00e0 miss\u00e3o t\u00e9cnica do Sistema FAET\/Senar. A proposta \u00e9 fomentar novas tecnologias que facilitem a vida do homem do campo. De olho no produtor do futuro, o ICNA realiza pesquisas que buscam estabelecer proje\u00e7\u00f5es futuras e identificar as qualifica\u00e7\u00f5es necess\u00e1rias do produtor para esse novo tempo.<\/p>\n<p>&nbsp;<\/p>\n<p>A agenda na CNA constou tamb\u00e9m com uma apresenta\u00e7\u00e3o sobre as a\u00e7\u00f5es da diretoria de Rela\u00e7\u00f5es Internacionais da entidade. Tida como os olhos da CNA para o mundo, o setor, al\u00e9m das rela\u00e7\u00f5es institucionais no exterior, tamb\u00e9m promove os produtos brasileiros e busca oportunidades que atendam aos interesses do produtor brasileiro.<\/p>\n<p>&nbsp;<\/p>\n<p>A pauta na CNA foi fechada com uma exposi\u00e7\u00e3o sobre a \u00e1rea de rela\u00e7\u00f5es institucionais e o trabalho realizado sobretudo no acompanhamento de projetos no legislativo, em torno de 6 mil projetos diretamente ligados ao agro.<\/p>\n<p>&nbsp;<\/p>\n<p><img decoding=\"async\" class=\"size-full wp-image-993 aligncenter\" src=\"https:\/\/sistemafaetsenar.org.br\/faet\/wp-content\/uploads\/2024\/01\/FAET-SENAR-Sindicatos.png\" alt=\"\" width=\"200\" height=\"61\" \/><\/p>\n","protected":false},"excerpt":{"rendered":"<p>Os participantes da miss\u00e3o t\u00e9cnica do Programa Capacita Sindicato Rural \u2013 Forma\u00e7\u00e3o de L\u00edderes celebraram os bons resultados da iniciativa do sistema FAET\/Senar, que tem a parceria do Minist\u00e9rio da Agricultura, Pecu\u00e1ria e Abastecimento \u2013 MAPA e do Governo Federal. &nbsp; Durante dois dias, a comitiva tocantinense participou de reuni\u00f5es na Frente Parlamentar da Agropecu\u00e1ria [&hellip;]<\/p>\n","protected":false},"author":3,"featured_media":1072,"comment_status":"open","ping_status":"open","sticky":false,"template":"","format":"standard","meta":{"kia_subtitle":"Comitiva esteve na FPA\/IPA, no Congresso Nacional e na CNA em Bras\u00edlia","footnotes":""},"categories":[12,13,15,58],"tags":[87,89,38],"class_list":["post-1071","post","type-post","status-publish","format-standard","has-post-thumbnail","hentry","category-agrononegocio","category-cursos-e-palestras","category-faet","category-sindicato-rural","tag-capacita-sindicato-rural","tag-sindicatos-rurais","tag-tocantins"],"_links":{"self":[{"href":"https:\/\/sistemafaetsenar.org.br\/faet\/wp-json\/wp\/v2\/posts\/1071"}],"collection":[{"href":"https:\/\/sistemafaetsenar.org.br\/faet\/wp-json\/wp\/v2\/posts"}],"about":[{"href":"https:\/\/sistemafaetsenar.org.br\/faet\/wp-json\/wp\/v2\/types\/post"}],"author":[{"embeddable":true,"href":"https:\/\/sistemafaetsenar.org.br\/faet\/wp-json\/wp\/v2\/users\/3"}],"replies":[{"embeddable":true,"href":"https:\/\/sistemafaetsenar.org.br\/faet\/wp-json\/wp\/v2\/comments?post=1071"}],"version-history":[{"count":0,"href":"https:\/\/sistemafaetsenar.org.br\/faet\/wp-json\/wp\/v2\/posts\/1071\/revisions"}],"wp:featuredmedia":[{"embeddable":true,"href":"https:\/\/sistemafaetsenar.org.br\/faet\/wp-json\/wp\/v2\/media\/1072"}],"wp:attachment":[{"href":"https:\/\/sistemafaetsenar.org.br\/faet\/wp-json\/wp\/v2\/media?parent=1071"}],"wp:term":[{"taxonomy":"category","embeddable":true,"href":"https:\/\/sistemafaetsenar.org.br\/faet\/wp-json\/wp\/v2\/categories?post=1071"},{"taxonomy":"post_tag","embeddable":true,"href":"https:\/\/sistemafaetsenar.org.br\/faet\/wp-json\/wp\/v2\/tags?post=1071"}],"curies":[{"name":"wp","href":"https:\/\/api.w.org\/{rel}","templated":true}]}}