{"id":1065,"date":"2023-08-16T16:08:57","date_gmt":"2023-08-16T19:08:57","guid":{"rendered":"https:\/\/sistemafaetsenar.org.br\/faet\/?p=1065"},"modified":"2024-01-19T16:16:54","modified_gmt":"2024-01-19T19:16:54","slug":"faet-e-senar-realizam-missao-tecnica-a-brasilia-para-capacitar-dirigentes-sindicais","status":"publish","type":"post","link":"https:\/\/sistemafaetsenar.org.br\/faet\/faet-e-senar-realizam-missao-tecnica-a-brasilia-para-capacitar-dirigentes-sindicais\/","title":{"rendered":"FAET e Senar realizam miss\u00e3o t\u00e9cnica a Bras\u00edlia para capacitar dirigentes sindicais"},"content":{"rendered":"<p>O Sistema FAET\/Senar promover\u00e1 uma intensa programa\u00e7\u00e3o em Bras\u00edlia, como parte da agenda do Programa &#8220;Capacita Sindicato Rural &#8211; Cultivando Conex\u00f5es&#8221;. A iniciativa da institui\u00e7\u00e3o tem o objetivo de qualificar dirigentes sindicais de todas as regi\u00f5es do estado.<\/p>\n<p>&nbsp;<\/p>\n<p>\u201cMais de vinte presidentes de sindicatos rurais est\u00e3o participando dessa qualifica\u00e7\u00e3o, que teve in\u00edcio em julho desse ano e tem o a inten\u00e7\u00e3o de aperfei\u00e7oar os servi\u00e7os sindicais prestados aos produtores rurais e melhorar a representatividade do setor\u201d, destacou Rayley Luzza, superintendente do Senar Tocantins.<\/p>\n<p>&nbsp;<\/p>\n<p>Na capital federal, a programa\u00e7\u00e3o ter\u00e1 in\u00edcio com reuni\u00f5es na Frente Parlamentar da Agropecu\u00e1ria (FPA) e no Instituto Pensar Agro (IPA). A inten\u00e7\u00e3o \u00e9 conhecer o funcionamento das entidades e suas rotinas de trabalho na defesa dos temas relevantes para o agroneg\u00f3cio brasileiro. Os participantes da Miss\u00e3o T\u00e9cnica tamb\u00e9m ter\u00e3o agenda no Congresso Nacional. Participar\u00e3o de uma palestra sobre o Processo Legislativo e ter\u00e3o reuni\u00f5es com os membros da bancada federal do Tocantins no parlamento e com membros da Comiss\u00e3o de Agricultura.<\/p>\n<p>&nbsp;<\/p>\n<p>A miss\u00e3o tamb\u00e9m vai conhecer a estrutura da Confedera\u00e7\u00e3o da Agricultura e Pecu\u00e1ria do Brasil (CNA) e do Servi\u00e7o Nacional de Aprendizagem Rural (Senar). Os dirigentes v\u00e3o se reuni\u00f5es com diretores t\u00e9cnicos da CNA e de \u00e1reas como Rela\u00e7\u00f5es Internacionais. Tamb\u00e9m ir\u00e3o conhecer o Instituto CNA, que desenvolve estudos e pesquisas sociais sobre o agroneg\u00f3cio brasileiro.<\/p>\n<p>&nbsp;<\/p>\n<p>O programa Capacita Sindicato Rural \u00e9 uma iniciativa da FAET, Senar em parceria com o Minist\u00e9rio da Agricultura, Pecu\u00e1ria e Abastecimento (MAPA) e Governo Federal. Al\u00e9m das miss\u00f5es, o programa prev\u00ea capacita\u00e7\u00f5es, visitas t\u00e9cnicas e consultorias para as entidades sindicais.<\/p>\n<p>&nbsp;<\/p>\n<p><img decoding=\"async\" class=\"size-full wp-image-993 aligncenter\" src=\"https:\/\/sistemafaetsenar.org.br\/faet\/wp-content\/uploads\/2024\/01\/FAET-SENAR-Sindicatos.png\" alt=\"\" width=\"200\" height=\"61\" \/><\/p>\n","protected":false},"excerpt":{"rendered":"<p>O Sistema FAET\/Senar promover\u00e1 uma intensa programa\u00e7\u00e3o em Bras\u00edlia, como parte da agenda do Programa &#8220;Capacita Sindicato Rural &#8211; Cultivando Conex\u00f5es&#8221;. A iniciativa da institui\u00e7\u00e3o tem o objetivo de qualificar dirigentes sindicais de todas as regi\u00f5es do estado. &nbsp; \u201cMais de vinte presidentes de sindicatos rurais est\u00e3o participando dessa qualifica\u00e7\u00e3o, que teve in\u00edcio em julho [&hellip;]<\/p>\n","protected":false},"author":3,"featured_media":1066,"comment_status":"open","ping_status":"open","sticky":false,"template":"","format":"standard","meta":{"kia_subtitle":"Programa quer fortalecer trabalho sindical no Tocantins","footnotes":""},"categories":[12,40,13,15],"tags":[87,88,66],"class_list":["post-1065","post","type-post","status-publish","format-standard","has-post-thumbnail","hentry","category-agrononegocio","category-capacitacao-rural","category-cursos-e-palestras","category-faet","tag-capacita-sindicato-rural","tag-missao-tecnica","tag-sindicato-rural"],"_links":{"self":[{"href":"https:\/\/sistemafaetsenar.org.br\/faet\/wp-json\/wp\/v2\/posts\/1065"}],"collection":[{"href":"https:\/\/sistemafaetsenar.org.br\/faet\/wp-json\/wp\/v2\/posts"}],"about":[{"href":"https:\/\/sistemafaetsenar.org.br\/faet\/wp-json\/wp\/v2\/types\/post"}],"author":[{"embeddable":true,"href":"https:\/\/sistemafaetsenar.org.br\/faet\/wp-json\/wp\/v2\/users\/3"}],"replies":[{"embeddable":true,"href":"https:\/\/sistemafaetsenar.org.br\/faet\/wp-json\/wp\/v2\/comments?post=1065"}],"version-history":[{"count":0,"href":"https:\/\/sistemafaetsenar.org.br\/faet\/wp-json\/wp\/v2\/posts\/1065\/revisions"}],"wp:featuredmedia":[{"embeddable":true,"href":"https:\/\/sistemafaetsenar.org.br\/faet\/wp-json\/wp\/v2\/media\/1066"}],"wp:attachment":[{"href":"https:\/\/sistemafaetsenar.org.br\/faet\/wp-json\/wp\/v2\/media?parent=1065"}],"wp:term":[{"taxonomy":"category","embeddable":true,"href":"https:\/\/sistemafaetsenar.org.br\/faet\/wp-json\/wp\/v2\/categories?post=1065"},{"taxonomy":"post_tag","embeddable":true,"href":"https:\/\/sistemafaetsenar.org.br\/faet\/wp-json\/wp\/v2\/tags?post=1065"}],"curies":[{"name":"wp","href":"https:\/\/api.w.org\/{rel}","templated":true}]}}