{"id":1061,"date":"2023-06-23T18:08:52","date_gmt":"2023-06-23T21:08:52","guid":{"rendered":"https:\/\/sistemafaetsenar.org.br\/faet\/?p=1061"},"modified":"2024-01-18T17:38:05","modified_gmt":"2024-01-18T20:38:05","slug":"expoguarai-destaca-sucesso-do-agronegocio-do-medio-norte-do-tocantins","status":"publish","type":"post","link":"https:\/\/sistemafaetsenar.org.br\/faet\/expoguarai-destaca-sucesso-do-agronegocio-do-medio-norte-do-tocantins\/","title":{"rendered":"ExpoGuara\u00ed destaca sucesso do agroneg\u00f3cio do m\u00e9dio norte do Tocantins"},"content":{"rendered":"<p>\u201c\u00c9 um evento que n\u00f3s esperamos o ano todo para acontecer. Um momento de encontrarmos com outros produtores, de vermos de perto as novidades do nosso segmento e de trocarmos experi\u00eancia e conhecimento\u201d. As palavras s\u00e3o do pecuarista Amauryr Azevedo, um dos visitantes da ExpoGuara\u00ed. A 32\u00aa feira agropecu\u00e1ria espera atrair mais de 100 mil pessoas e proporcionar uma movimenta\u00e7\u00e3o superior a R$ 50 milh\u00f5es.<\/p>\n<p>&nbsp;<\/p>\n<p>O evento atrai visitantes da regi\u00e3o e de v\u00e1rias partes do estado, impulsiona a economia local e gera oportunidades para os produtores rurais. Organizador do evento, o presidente do Sindicato Rural de Guara\u00ed, Adriano Fonseca, declarou que neste ano a edi\u00e7\u00e3o reuniu expositores de m\u00e1quinas, implementos agr\u00edcolas, ve\u00edculos, energia solar, pe\u00e7as, insumos al\u00e9m dos tradicionais expositores de animais.<\/p>\n<p>&nbsp;<\/p>\n<p>\u201cUm evento que s\u00f3 \u00e9 poss\u00edvel ser realizado com a contribui\u00e7\u00e3o dos nossos parceiros e expositores mas, sobretudo, com o apoio fundamental do sistema FAET\/Senar\u201d, destacou o presidente do sindicato rural. Segundo ele, o crescimento do setor na regi\u00e3o tem sido expressivo e o mun\u00edcipio j\u00e1 conta com mais de 15 empresas de m\u00e9dio e grande porte, al\u00e9m de representa\u00e7\u00f5es de multinacionais do agroneg\u00f3cio.<\/p>\n<p>&nbsp;<\/p>\n<p>Localizada no m\u00e9dio norte do Tocantins, Guara\u00ed tem se destacado na produ\u00e7\u00e3o de gr\u00e3os, cria\u00e7\u00e3o de gado e de fruticultura.\u00a0 \u201cS\u00e3o cerca de 138 mil cabe\u00e7as de gado e mais de 20 mil hectares destinados \u00e0 produ\u00e7\u00e3o de soja. O munic\u00edpio ganhou destaque tamb\u00e9m por ter a maior \u00e1rea plantada de melancia por gotejamento no Brasil.<\/p>\n<p>&nbsp;<\/p>\n<p>\u201cS\u00e3o n\u00fameros que representam bem o desenvolvimento do agro aqui e \u00e9 por isso que fazemos quest\u00e3o de apoiar esse evento, trazer qualifica\u00e7\u00e3o para esses produtores e para a m\u00e3o de obra que atua na regi\u00e3o, para que a produ\u00e7\u00e3o continue crescendo\u201d, destacou o presidente do Sistema FAET\/Senar, Paulo Carneiro, na abertura oficial do evento.<\/p>\n<p>&nbsp;<\/p>\n<p><strong>Capacita\u00e7\u00e3o<\/strong><\/p>\n<p>&nbsp;<\/p>\n<p>Durante o evento, uma parceria do sistema FAET\/Senar e o Banco do Brasil capacitou produtores rurais de diferentes cadeias produtivas. A gerente da institui\u00e7\u00e3o financeira, Cintia Alferrez explicou que a programa\u00e7\u00e3o contou com temas atuais de interesse dos produtores de soja, milho e tamb\u00e9m para pecuaristas. \u201cNossa a\u00e7\u00e3o trouxe um excelente p\u00fablico com uma m\u00e9dia de 40 participantes por palestra. O conv\u00eanio com o Sistema FAET teve uma ades\u00e3o incr\u00edvel\u201d, disse a gerente.<\/p>\n<p>&nbsp;<\/p>\n<p>O produtor Jos\u00e9 Joaquim de Souza, de Presidente Kennedy participou dois dias seguidos do circuito. A palestra que mais chamou a aten\u00e7\u00e3o dele foi a de <em>\u201cSucess\u00e3o Familiar<\/em>. Hoje saio daqui entendendo a import\u00e2ncia da continuidade das atividades na fazenda\u201d, explicou.<\/p>\n<p>&nbsp;<\/p>\n<p>A import\u00e2ncia da aduba\u00e7\u00e3o, do manejo e do proteinado foram alguns pontos abordados na palestra sobre \u201cRecupera\u00e7\u00e3o de pastagens\u201d. A produtora Elisabete Vasconcelos saiu entusiasmada com o aprendizado. \u201cS\u00e3o informa\u00e7\u00f5es que vamos aplicar no dia a dia da fazenda. Afinal, produzir a gente at\u00e9 sabe, mas o Senar ensina tamb\u00e9m a cuidar melhor da nossa propriedade e a vender nosso produto\u201d, comemorou.<\/p>\n<p>&nbsp;<\/p>\n<p><img decoding=\"async\" class=\"size-full wp-image-993 aligncenter\" src=\"https:\/\/sistemafaetsenar.org.br\/faet\/wp-content\/uploads\/2024\/01\/FAET-SENAR-Sindicatos.png\" alt=\"\" width=\"200\" height=\"61\" \/><\/p>\n","protected":false},"excerpt":{"rendered":"<p>\u201c\u00c9 um evento que n\u00f3s esperamos o ano todo para acontecer. Um momento de encontrarmos com outros produtores, de vermos de perto as novidades do nosso segmento e de trocarmos experi\u00eancia e conhecimento\u201d. As palavras s\u00e3o do pecuarista Amauryr Azevedo, um dos visitantes da ExpoGuara\u00ed. A 32\u00aa feira agropecu\u00e1ria espera atrair mais de 100 mil [&hellip;]<\/p>\n","protected":false},"author":3,"featured_media":1062,"comment_status":"open","ping_status":"open","sticky":false,"template":"","format":"standard","meta":{"kia_subtitle":"A 32\u00aa feira agropecu\u00e1ria espera atrair mais de 100 mil pessoas e proporcionar uma movimenta\u00e7\u00e3o superior a R$ 50 milh\u00f5es","footnotes":""},"categories":[12,15,16],"tags":[86,33,74,66],"class_list":["post-1061","post","type-post","status-publish","format-standard","has-post-thumbnail","hentry","category-agrononegocio","category-faet","category-feiras-e-eventos","tag-expoguarai","tag-faet","tag-feira-agropecuaria","tag-sindicato-rural"],"_links":{"self":[{"href":"https:\/\/sistemafaetsenar.org.br\/faet\/wp-json\/wp\/v2\/posts\/1061"}],"collection":[{"href":"https:\/\/sistemafaetsenar.org.br\/faet\/wp-json\/wp\/v2\/posts"}],"about":[{"href":"https:\/\/sistemafaetsenar.org.br\/faet\/wp-json\/wp\/v2\/types\/post"}],"author":[{"embeddable":true,"href":"https:\/\/sistemafaetsenar.org.br\/faet\/wp-json\/wp\/v2\/users\/3"}],"replies":[{"embeddable":true,"href":"https:\/\/sistemafaetsenar.org.br\/faet\/wp-json\/wp\/v2\/comments?post=1061"}],"version-history":[{"count":0,"href":"https:\/\/sistemafaetsenar.org.br\/faet\/wp-json\/wp\/v2\/posts\/1061\/revisions"}],"wp:featuredmedia":[{"embeddable":true,"href":"https:\/\/sistemafaetsenar.org.br\/faet\/wp-json\/wp\/v2\/media\/1062"}],"wp:attachment":[{"href":"https:\/\/sistemafaetsenar.org.br\/faet\/wp-json\/wp\/v2\/media?parent=1061"}],"wp:term":[{"taxonomy":"category","embeddable":true,"href":"https:\/\/sistemafaetsenar.org.br\/faet\/wp-json\/wp\/v2\/categories?post=1061"},{"taxonomy":"post_tag","embeddable":true,"href":"https:\/\/sistemafaetsenar.org.br\/faet\/wp-json\/wp\/v2\/tags?post=1061"}],"curies":[{"name":"wp","href":"https:\/\/api.w.org\/{rel}","templated":true}]}}